{"id":127166,"date":"2016-05-18T19:28:32","date_gmt":"2016-05-18T17:28:32","guid":{"rendered":"http:\/\/www.cronacaonline.it\/public\/content\/?p=127166"},"modified":"2016-05-18T19:28:32","modified_gmt":"2016-05-18T17:28:32","slug":"giovani-e-imprenditorialita-firino-lavoriamo-per-alternanza-scuola-lavoro","status":"publish","type":"post","link":"https:\/\/www.cronacaonline.it\/index.php\/2016\/05\/18\/giovani-e-imprenditorialita-firino-lavoriamo-per-alternanza-scuola-lavoro\/","title":{"rendered":"Giovani e imprenditorialit\u00e0. Firino: \u201clavoriamo per alternanza scuola-lavoro&#8221;"},"content":{"rendered":"<p>Cagliari, 18 Mag 2016\u00a0\u2013\u00a0Wecoop e scuola, cooperazione e imprenditorialit\u00e0. \u00c8 stato presentato\u00a0oggi\u00a0al t- hotel di via Dei Giudicati A Cagliari, alla presenza dell\u2019assessore della pubblica istruzione Claudia Firino e Carlo Tedde, Vittorio Pelligra e Antonio Fadda, referenti del progetto, il gioco che ha lo scopo di attivare percorsi formativi rivolti agli studenti delle scuole medie superiori, e sensibilizzare l\u2019opinione pubblica ai temi relativi all\u2019alfabetizzazione economico-finanziaria e alla imprenditorialit\u00e0. Lo strumento principale di questo percorso formativo \u00e8 proprio il gioco Wecoop, nato in Sardegna dalla collaborazione tra il consorzio solidariet\u00e0 con l\u2019universit\u00e0 di Cagliari, attraverso lo spin-off smartlab, e un gruppo di giovani economisti, matematici, pedagogisti e designer che hanno concepito e portato a realizzazione l\u2019idea.<\/p>\n<p>\u201c\u00c8 un progetto innovativo e interessante per i giovani - ha detto Firino - e in sintonia con le politiche regionali che stiamo portando avanti per ci\u00f2 che concerne il mondo della scuola, e anche sul fronte dei programmi di alternanza scuola-lavoro. Questo progetto guida in maniera intelligente\u00a0alla cooperazione anche nel mondo del lavoro, non sempre caratterizzato da uno spirito collaborativo\u201d. La titolare della pubblica istruzione ha pi\u00f9 volte ribadito il concetto che per raggiungere un obiettivo comune sia necessario lavorare in gruppo, in modo convinto e solidale. \u201cin Sardegna\u00a0 progetti come Wecoop - ha affermato Firino - insegnano che quando un obiettivo non \u00e8 condiviso da pi\u00f9 soggetti ha altissime probabilit\u00e0 di fallire; al contrario pu\u00f2 mettere radici quando in tanti ci si sente parte di una comunit\u00e0 sociale, di un gruppo affiatato in cui si spartiscono fiducia e sperimentazione\u201d. Alla platea degli studenti l\u2019assessore ha ricordato le politiche scolastiche che la regione sta portando avanti. \u201cI progetti iscol@ e tutti a iscol@ hanno le finalit\u00e0 di combattere la dispersione scolastica, favorire l'inclusione e rendere le scuole luoghi di crescita e confronto attivo. Vogliamo che i ragazzi abbiano strutture meno chiuse e pi\u00f9 progetti e laboratori nei quali confrontarsi e\u00a0scambiare saperi ed idee. Dobbiamo capire quale futuro lavorativo si prospetta per gli studenti e, in ogni caso,\u00a0renderli protagonisti del lavoro che gi\u00e0 svolgono. \u00c8 fondamentale che questo passaggio sia guidato da regole chiare e certe, cos\u00ec come stiamo facendo sull\u2019alternanza scuola lavoro\u201d.<\/p>\n","protected":false},"excerpt":{"rendered":"<p>Cagliari, 18 Mag 2016\u00a0\u2013\u00a0Wecoop e scuola, cooperazione e imprenditorialit\u00e0. \u00c8 stato presentato\u00a0oggi\u00a0al t- hotel di via Dei Giudicati A Cagliari, alla presenza dell\u2019assessore della pubblica&#8230;<\/p>\n","protected":false},"author":2,"featured_media":115396,"comment_status":"closed","ping_status":"closed","sticky":false,"template":"","format":"standard","meta":[],"categories":[49,52],"tags":[],"_links":{"self":[{"href":"https:\/\/www.cronacaonline.it\/index.php\/wp-json\/wp\/v2\/posts\/127166"}],"collection":[{"href":"https:\/\/www.cronacaonline.it\/index.php\/wp-json\/wp\/v2\/posts"}],"about":[{"href":"https:\/\/www.cronacaonline.it\/index.php\/wp-json\/wp\/v2\/types\/post"}],"author":[{"embeddable":true,"href":"https:\/\/www.cronacaonline.it\/index.php\/wp-json\/wp\/v2\/users\/2"}],"replies":[{"embeddable":true,"href":"https:\/\/www.cronacaonline.it\/index.php\/wp-json\/wp\/v2\/comments?post=127166"}],"version-history":[{"count":0,"href":"https:\/\/www.cronacaonline.it\/index.php\/wp-json\/wp\/v2\/posts\/127166\/revisions"}],"wp:featuredmedia":[{"embeddable":true,"href":"https:\/\/www.cronacaonline.it\/index.php\/wp-json\/"}],"wp:attachment":[{"href":"https:\/\/www.cronacaonline.it\/index.php\/wp-json\/wp\/v2\/media?parent=127166"}],"wp:term":[{"taxonomy":"category","embeddable":true,"href":"https:\/\/www.cronacaonline.it\/index.php\/wp-json\/wp\/v2\/categories?post=127166"},{"taxonomy":"post_tag","embeddable":true,"href":"https:\/\/www.cronacaonline.it\/index.php\/wp-json\/wp\/v2\/tags?post=127166"}],"curies":[{"name":"wp","href":"https:\/\/api.w.org\/{rel}","templated":true}]}}