{"id":127086,"date":"2016-05-17T18:44:41","date_gmt":"2016-05-17T16:44:41","guid":{"rendered":"http:\/\/www.cronacaonline.it\/public\/content\/?p=127086"},"modified":"2016-05-17T18:44:41","modified_gmt":"2016-05-17T16:44:41","slug":"internazionalizzazione-giovedi-al-via-lexport-lab-di-cagliari-dal-7-giugno-ad-alghero-il-forum-agroalimentare","status":"publish","type":"post","link":"https:\/\/www.cronacaonline.it\/index.php\/2016\/05\/17\/internazionalizzazione-giovedi-al-via-lexport-lab-di-cagliari-dal-7-giugno-ad-alghero-il-forum-agroalimentare\/","title":{"rendered":"Internazionalizzazione, gioved\u00ec al via l\u2019export lab di Cagliari. Dal 7 giugno ad Alghero il forum agroalimentare"},"content":{"rendered":"<p>Cagliari, 17 Mag 2016\u00a0\u2013 Prenderanno il via nei prossimi giorni una serie di iniziative inserite nel Programma Triennale per l\u2019Internazionalizzazione 2015-2018. S\u2019inizia dall\u2019Export Lab, organizzato nel quadro della convenzione stipulata dalla Regione con ICE Agenzia (Istituto per il Commercio Estero). \u00c8 una delle parti pi\u00f9 significative, quella cio\u00e8 che riguarda la fase formativa e di accompagnamento per le imprese che intendono sviluppare strategie e piani per lo sviluppo dell\u2019export.<\/p>\n<p>Export Lab a Cagliari e Sassari - Gioved\u00ec prossimo, 19 maggio, partir\u00e0 l\u2019Export Lab di Cagliari, ospitato nei locali della Fiera messi a disposizione dalla Camera di Commercio. Vi partecipano 25 soggetti tra piccole e medie imprese, Consorzi, Reti di impresa e ATI. Altri 25 intraprenderanno il percorso formativo a partire dal 26 maggio nei locali della Camera di Commercio di Sassari. Le 50 aziende, provenienti dai diversi settori produttivi e dalle realt\u00e0 che operano nel manifatturiero in Sardegna, sono state selezionate tra un centinaio di richieste, segno che l\u2019iniziativa ha riscosso consenso e interesse da parte degli imprenditori. Le imprese avranno la possibilit\u00e0 di formare un proprio dipendente, prima in aula e poi all\u2019estero, e predisporre quindi un piano personalizzato per la promozione e la vendita dei prodotti nei nuovi mercati. Alla fine del percorso formativo le imprese avranno cos\u00ec al proprio interno una figura professionale specializzata e competente. La prima fase dell\u2019Export Lab prevede la formazione in aula, la seconda l\u2019affiancamento di consulenze in azienda. La terza e ultima fase, invece, \u00e8 costituita da un periodo di incubazione all\u2019estero. Le materie affrontate nel percorso formativo sono comprese tra un minimo di 8 e un massimo di 12 (dal marketing alle tecniche di commercio estero).<\/p>\n<p>Forum Agroalimentare ad Alghero - Un ulteriore tassello della strategia per la promozione all\u2019estero delle imprese sarde \u00e8 rappresentato dal Forum Agroalimentare che si svolger\u00e0 ad Alghero dal 7 al 10 giugno prossimi. Previsti convegni, seminari, incontri tra aziende locali e operatori esteri, seguiti da visite presso le principali imprese del settore dislocate nelle varie province. Vi partecipano 123 aziende: tra queste, una cinquantina specializzate nella produzione di vini e bevande alcoliche, 24 produttrici di formaggi e oltre trenta nei settori della pasta, dei cereali e dei prodotti da forno e dolciari. Tutte avranno l\u2019opportunit\u00e0 di incontrare e confrontarsi con 33 buyers internazionali. A completare la presenza straniera ci sar\u00e0 anche una delegazione di 7 giornalisti provenienti da Austria, Regno Unito, Canada, Germania, Stati Uniti, Svezia e Giappone. Il Forum prevede inoltre, nella mattinata del 7 giugno, un seminario al quale parteciperanno, tra gli altri, il Presidente della Regione, Francesco Pigliaru, l\u2019assessore dell\u2019Industria, Maria Grazia Piras, l\u2019assessore dell\u2019Agricoltura e Riforma Agro-Pastorale, Elisabetta Falchi, e tre esperti di mercati esteri, Antonietta Kelly per il Regno Unito, Martin Schroek per la Germania e Kyoko Yamada per il Giappone. Dopo la giornata dedicata agli incontri B2B, ci sar\u00e0 spazio per gli educational tour nel corso dei quali, in due giorni, le delegazioni dei buyers e dei giornalisti stranieri visiteranno una ventina di aziende del nord e del sud della Sardegna.<\/p>\n<p>Bandi per reti di imprese - Non meno importante \u00e8 il bando predisposto dalla Direzione generale dell\u2019assessorato dell\u2019Industria per gli aiuti ai piani di internazionalizzazione presentati da aggregazioni di imprese che operano in Sardegna. Il bando \u00e8 on line da due mesi e prevede un intervento finanziario pari a 2 milioni e mezzo di euro, sui 16 milioni complessivi previsti dal Programma di Internazionalizzazione. Reti di imprese, filiere produttive e strategiche, mercati obiettivo: sono questi i tre requisiti per consentire alle imprese sarde di aprirsi ai mercati internazionali o di consolidare la propria presenza all\u2019estero. L\u2019importo minimo del finanziamento previsto \u00e8 di 200 mila euro, quello massimo di 800 mila; il contributo\u00a0\u00e8 del\u00a0 75% o del 50% dell\u2019importo complessivo del piano a seconda del regime di aiuto scelto dall\u2019impresa. Il bando e la relativa documentazione sono consultabili al seguente indirizzo<\/p>\n<p><a href=\"http:\/\/www.regione.sardegna.it\/j\/v\/1725?s=1&amp;v=9&amp;c=389&amp;c1=1241&amp;id=51968\">http:\/\/www.regione.sardegna.it\/j\/v\/1725?s=1&amp;v=9&amp;c=389&amp;c1=1241&amp;id=51968<\/a>.<\/p>\n<p>La procedura del bando sar\u00e0 a sportello e avr\u00e0 durata sino al 31 dicembre del 2020. La scadenza per la presentazione delle domande, invece, \u00e8 fissata per il 28 febbraio del 2017.<\/p>\n","protected":false},"excerpt":{"rendered":"<p>Cagliari, 17 Mag 2016\u00a0\u2013 Prenderanno il via nei prossimi giorni una serie di iniziative inserite nel Programma Triennale per l\u2019Internazionalizzazione 2015-2018. S\u2019inizia dall\u2019Export Lab, organizzato&#8230;<\/p>\n","protected":false},"author":2,"featured_media":92116,"comment_status":"closed","ping_status":"closed","sticky":false,"template":"","format":"standard","meta":[],"categories":[49,52],"tags":[],"_links":{"self":[{"href":"https:\/\/www.cronacaonline.it\/index.php\/wp-json\/wp\/v2\/posts\/127086"}],"collection":[{"href":"https:\/\/www.cronacaonline.it\/index.php\/wp-json\/wp\/v2\/posts"}],"about":[{"href":"https:\/\/www.cronacaonline.it\/index.php\/wp-json\/wp\/v2\/types\/post"}],"author":[{"embeddable":true,"href":"https:\/\/www.cronacaonline.it\/index.php\/wp-json\/wp\/v2\/users\/2"}],"replies":[{"embeddable":true,"href":"https:\/\/www.cronacaonline.it\/index.php\/wp-json\/wp\/v2\/comments?post=127086"}],"version-history":[{"count":0,"href":"https:\/\/www.cronacaonline.it\/index.php\/wp-json\/wp\/v2\/posts\/127086\/revisions"}],"wp:featuredmedia":[{"embeddable":true,"href":"https:\/\/www.cronacaonline.it\/index.php\/wp-json\/"}],"wp:attachment":[{"href":"https:\/\/www.cronacaonline.it\/index.php\/wp-json\/wp\/v2\/media?parent=127086"}],"wp:term":[{"taxonomy":"category","embeddable":true,"href":"https:\/\/www.cronacaonline.it\/index.php\/wp-json\/wp\/v2\/categories?post=127086"},{"taxonomy":"post_tag","embeddable":true,"href":"https:\/\/www.cronacaonline.it\/index.php\/wp-json\/wp\/v2\/tags?post=127086"}],"curies":[{"name":"wp","href":"https:\/\/api.w.org\/{rel}","templated":true}]}}