{"id":127073,"date":"2016-05-17T15:24:25","date_gmt":"2016-05-17T13:24:25","guid":{"rendered":"http:\/\/www.cronacaonline.it\/public\/content\/?p=127073"},"modified":"2016-05-17T15:24:25","modified_gmt":"2016-05-17T13:24:25","slug":"assessore-del-lavoro-regione-sardegna-mura-rassicura-delegati-rsu-ati-ifras-in-tempi-brevi-sblocco-pagamenti-regionali-allazienda","status":"publish","type":"post","link":"https:\/\/www.cronacaonline.it\/index.php\/2016\/05\/17\/assessore-del-lavoro-regione-sardegna-mura-rassicura-delegati-rsu-ati-ifras-in-tempi-brevi-sblocco-pagamenti-regionali-allazienda\/","title":{"rendered":"Assessore del Lavoro regione Sardegna Mura rassicura delegati Rsu Ati-Ifras: in tempi brevi sblocco pagamenti regionali all\u2019azienda"},"content":{"rendered":"<p>Cagliari, 17 Mag 2016 \u2013\u00a0\u201cIl nostro primo pensiero va ai lavoratori Ati-Ifras, che ho tranquillizzato illustrando ci\u00f2 che stiamo facendo per risolvere le criticit\u00e0 riguardanti il pagamento degli stipendi da parte dell\u2019azienda\u201d. Lo ha detto l\u2019assessore del Lavoro, Virginia Mura, incontrando questa mattina i delegati della Rsu dell\u2019Ati-Ifras che\u00a0oggi\u00a0si sono recati a Cagliari preoccupati dopo che l\u2019azienda ha annunciato che avrebbe sospeso il pagamento degli stipendi per problemi di liquidit\u00e0 (adducendo come spiegazione anche il mancato pagamento da parte dell\u2019Amministrazione regionale delle tre fatture emesse nel 2016). La titolare del Lavoro, insieme ai componenti dell\u2019Ufficio di Gabinetto e al Direttore Generale dell\u2019Assessorato, ha fornito ampie rassicurazioni sui passi che la Regione ha gi\u00e0 avviato, per risolvere in tempi brevi la situazione e garantire le retribuzioni agli addetti.\u00a0\u201cCome abbiamo spiegato ai lavoratori \u2013 ha detto Mura - l\u2019attuale situazione \u00e8 da tempo\u00a0all'esame\u00a0dei nostri uffici, i quali hanno gi\u00e0 avviato le soluzioni tecniche che, nel giro di poche\u00a0settimane, permetteranno alla Regione di liquidare almeno parte delle fatture emesse dall\u2019Ati-Ifras e agevolare cos\u00ec il versamento delle retribuzioni ai dipendenti. Ho anche ricordato che le imprese che hanno contratti con la Pubblica Amministrazione conservano, in ogni caso, l'obbligo di pagare le proprie maestranze, come peraltro la societ\u00e0 ha fatto nel corso degli anni, quando si sono verificate situazioni analoghe in corrispondenza dell\u2019approvazione della Legge finanziaria\u201d.\u00a0Nell'occasione\u00a0\u2013 su richiesta dei lavoratori - \u00e8 stato anche fatto sommariamente il punto sulla convenzione con Ati-Ifras che andr\u00e0 a scadenza il 31 dicembre del 2016. \u201cA tale proposito \u2013 ha aggiunto l\u2019Assessore - ho ricordato che essendo radicalmente mutato il quadro normativo, \u00e8 impossibile procedere a qualsivoglia proroga della convenzione medesima. \u00c8 dunque necessario indire una gara internazionale per affidare l\u2019appalto, attivit\u00e0 sulla quale siamo gi\u00e0\u00a0all'opera. Nel bando saranno inserite clausole puntuali che, nel rispetto\u00a0della legge, garantiscano la continuit\u00e0 occupazionale degli stessi lavoratori attualmente impiegati da Ati-Ifras. I lavoratori, insomma, devono sapere che la nostra priorit\u00e0 \u00e8 e sar\u00e0 sempre garantire loro la continuit\u00e0 occupazionale\".<\/p>\n","protected":false},"excerpt":{"rendered":"<p>Cagliari, 17 Mag 2016 \u2013\u00a0\u201cIl nostro primo pensiero va ai lavoratori Ati-Ifras, che ho tranquillizzato illustrando ci\u00f2 che stiamo facendo per risolvere le criticit\u00e0 riguardanti&#8230;<\/p>\n","protected":false},"author":2,"featured_media":0,"comment_status":"closed","ping_status":"closed","sticky":false,"template":"","format":"standard","meta":[],"categories":[49,52],"tags":[],"_links":{"self":[{"href":"https:\/\/www.cronacaonline.it\/index.php\/wp-json\/wp\/v2\/posts\/127073"}],"collection":[{"href":"https:\/\/www.cronacaonline.it\/index.php\/wp-json\/wp\/v2\/posts"}],"about":[{"href":"https:\/\/www.cronacaonline.it\/index.php\/wp-json\/wp\/v2\/types\/post"}],"author":[{"embeddable":true,"href":"https:\/\/www.cronacaonline.it\/index.php\/wp-json\/wp\/v2\/users\/2"}],"replies":[{"embeddable":true,"href":"https:\/\/www.cronacaonline.it\/index.php\/wp-json\/wp\/v2\/comments?post=127073"}],"version-history":[{"count":0,"href":"https:\/\/www.cronacaonline.it\/index.php\/wp-json\/wp\/v2\/posts\/127073\/revisions"}],"wp:attachment":[{"href":"https:\/\/www.cronacaonline.it\/index.php\/wp-json\/wp\/v2\/media?parent=127073"}],"wp:term":[{"taxonomy":"category","embeddable":true,"href":"https:\/\/www.cronacaonline.it\/index.php\/wp-json\/wp\/v2\/categories?post=127073"},{"taxonomy":"post_tag","embeddable":true,"href":"https:\/\/www.cronacaonline.it\/index.php\/wp-json\/wp\/v2\/tags?post=127073"}],"curies":[{"name":"wp","href":"https:\/\/api.w.org\/{rel}","templated":true}]}}