{"id":127041,"date":"2016-05-17T07:40:38","date_gmt":"2016-05-17T05:40:38","guid":{"rendered":"http:\/\/www.cronacaonline.it\/public\/content\/?p=127041"},"modified":"2016-05-17T07:40:38","modified_gmt":"2016-05-17T05:40:38","slug":"papa-francesco-ai-vescovi-abbandonate-ambizioni-di-carriera-e-potere","status":"publish","type":"post","link":"https:\/\/www.cronacaonline.it\/index.php\/2016\/05\/17\/papa-francesco-ai-vescovi-abbandonate-ambizioni-di-carriera-e-potere\/","title":{"rendered":"Papa Francesco ai vescovi: &#8220;abbandonate ambizioni di carriera e potere&#8221;"},"content":{"rendered":"<p>Citt\u00e0 del Vaticano, 17 Mag 2016 - \u201cAvviciniamoci, quasi in punta di piedi, a qualcuno dei tanti parroci che si spendono nelle nostre comunit\u00e0, lasciamo che il volto di uno di loro passi davanti agli occhi del nostro cuore e chiediamoci con semplicit\u00e0: che cosa ne rende saporita la vita? Per chi e per che cosa impegna il suo servizio? Qual \u00e8 la ragione ultima del suo donarsi?\u201d. \u00c8 l\u2019invito con cui Papa Francesco ha aperto nell\u2019Aula del Sinodo in Vaticano la 69esima assemblea generale della Conferenza episcopale italiana (Cei) dedicata al \u201crinnovamento del clero\u201d. \u201cVi auguro \u2013 ha proseguito Bergoglio \u2013 che queste domande possano riposare dentro di voi nel silenzio, nella preghiera tranquilla, nel dialogo franco e fraterno: le risposte che fioriranno vi aiuteranno a individuare anche le proposte formative su cui investire con coraggio\u201d.<\/p>\n<p>Papa Francesco ha invitato il clero a lasciare da parte ambizioni di carriera e di potere. \u201cLa vita del presbitero \u2013 ha detto \u2013 diventa eloquente perch\u00e9 diversa, alternativa. Egli \u00e8 uno che si \u00e8 avvicinato al fuoco e ha lasciato che le fiamme bruciassero le sua ambizioni di carriera e potere. Ha fatto un rogo anche della tentazione di interpretarsi come un \u2018devoto\u2019 che si rifugia in un intimismo religioso che di spirituale ha ben poco\u201d. \u200bIl clero inoltre \u201cnon cerca assicurazioni terrene o titoli onorifici\u201d, ma il suo stile di vita \u00e8 \u201csemplice ed essenziale\u201d e ci\u00f2 lo presenta \u201ccredibile agli occhi della gente, avvinandolo agli umili\u201d. Bergoglio ha portato l\u2019esempio di dom Helder Camara, presule che guid\u00f2 la chiesa brasiliana di Recife dal 1964 al 1985 e mor\u00ec nel 1999 nella piccola e povera casa dove aveva vissuto da vescovo. L'anno scorso la Santa Sede ha ratificato il via libera all'introduzione della causa di canonizzazione del \u2018vescovo delle favelas\u2019.<\/p>\n<p>Papa Francesco ha dato una duplica indicazione ai vescovi italiani presenti: \u201cIl prete \u2013 ha spiegato -, consapevole di essere lui stesso un \u2018paralitico guarito\u2019, sia distante dalla freddezza del rigorista, come pure dalla superficialit\u00e0 di chi vuole mostrarsi accondiscendente a buon mercato\u201d. Egli ha poi osservato come il contesto culturale \u201csia molto diverso da quello in cui il presbitero ha mosso i primi passi nel ministero. Anche in Italia tante tradizioni, abitudini e visioni della vita sono state intaccate da un profondo cambiamento d'epoca. Noi, che spesso ci ritroviamo a deplorare questo tempo con tono amaro e accusatorio, dobbiamo avvertirne anche la durezza: nel nostro ministero, quante persone incontriamo che sono nell'affanno per la mancanza di riferimenti a cui guardare\u201d.<\/p>\n<p>Sulla gestione dei beni economici, il pontefice ha raccomandato ai vescovi di \u201cmantenere soltanto ci\u00f2 che pu\u00f2 servire per l\u2019esperienza di fede e di carit\u00e0 del popolo di Dio\u201d, evitando di appesantirsi in una \u201cpastorale di conservazione\u201d.<\/p>\n<p>\"Insieme - ha detto\u00a0il cardinale Angelo Bagnasco, presidente della Cei -\u00a0metteremo anche a fuoco\u00a0alcune linee di gestione in ambito economico e affronteremo il tema\u00a0della revisione delle norme circa il regime amministrativo dei\u00a0tribunali ecclesiastici: ci anima l'impegno a far s\u00ec che le finalit\u00e0\u00a0della riforma possano trovare efficace e piena risposta nella prassi\u00a0giudiziaria\".<\/p>\n<p>Prima di iniziare il suo discorso, il pontefice si \u00e8 reso protagonista di un simpatico scambio di battute con il presidente della Cei. \u201cQuest\u2019anno ci sono tanti nuovi, c\u2019\u00e8 molto odore di olio\u201d ha detto Francesco che, alludendo a un vescovo appena ordinato ha aggiunto: \u201cTu non hai ancora fatto 24 ore\u201d. Bergoglio ha poi domandato quanti fossero i nuovo vescovi a cui il cardinale Bagnasco ha risposto \u201cUn po\u2019 meno di quaranta\u201d, su un totale di 240 presenti.<\/p>\n","protected":false},"excerpt":{"rendered":"<p>Citt\u00e0 del Vaticano, 17 Mag 2016 &#8211; \u201cAvviciniamoci, quasi in punta di piedi, a qualcuno dei tanti parroci che si spendono nelle nostre comunit\u00e0, lasciamo&#8230;<\/p>\n","protected":false},"author":2,"featured_media":127042,"comment_status":"closed","ping_status":"closed","sticky":false,"template":"","format":"standard","meta":[],"categories":[49,50],"tags":[],"_links":{"self":[{"href":"https:\/\/www.cronacaonline.it\/index.php\/wp-json\/wp\/v2\/posts\/127041"}],"collection":[{"href":"https:\/\/www.cronacaonline.it\/index.php\/wp-json\/wp\/v2\/posts"}],"about":[{"href":"https:\/\/www.cronacaonline.it\/index.php\/wp-json\/wp\/v2\/types\/post"}],"author":[{"embeddable":true,"href":"https:\/\/www.cronacaonline.it\/index.php\/wp-json\/wp\/v2\/users\/2"}],"replies":[{"embeddable":true,"href":"https:\/\/www.cronacaonline.it\/index.php\/wp-json\/wp\/v2\/comments?post=127041"}],"version-history":[{"count":0,"href":"https:\/\/www.cronacaonline.it\/index.php\/wp-json\/wp\/v2\/posts\/127041\/revisions"}],"wp:featuredmedia":[{"embeddable":true,"href":"https:\/\/www.cronacaonline.it\/index.php\/wp-json\/wp\/v2\/media\/127042"}],"wp:attachment":[{"href":"https:\/\/www.cronacaonline.it\/index.php\/wp-json\/wp\/v2\/media?parent=127041"}],"wp:term":[{"taxonomy":"category","embeddable":true,"href":"https:\/\/www.cronacaonline.it\/index.php\/wp-json\/wp\/v2\/categories?post=127041"},{"taxonomy":"post_tag","embeddable":true,"href":"https:\/\/www.cronacaonline.it\/index.php\/wp-json\/wp\/v2\/tags?post=127041"}],"curies":[{"name":"wp","href":"https:\/\/api.w.org\/{rel}","templated":true}]}}