{"id":127035,"date":"2016-05-16T19:19:45","date_gmt":"2016-05-16T17:19:45","guid":{"rendered":"http:\/\/www.cronacaonline.it\/public\/content\/?p=127035"},"modified":"2016-05-16T19:19:45","modified_gmt":"2016-05-16T17:19:45","slug":"industria-assessore-piras-visita-la-miniera-e-gli-impianti-della-clariant-di-sassari","status":"publish","type":"post","link":"https:\/\/www.cronacaonline.it\/index.php\/2016\/05\/16\/industria-assessore-piras-visita-la-miniera-e-gli-impianti-della-clariant-di-sassari\/","title":{"rendered":"Industria, Assessore Piras visita la miniera e gli impianti della Clariant di Sassari"},"content":{"rendered":"<p>Sassari, 16 Mag 2016\u00a0\u2013 L\u2019assessore Maria Grazia Piras e i tecnici dell\u2019assessorato dell\u2019Industria hanno visitato questa mattina il sito e gli impianti della multinazionale Clariant, inaugurati di recente in localit\u00e0 S\u2019Aliderru, in territorio comunale di Sassari, dove insiste la concessione per l\u2019estrazione della bentonite. Si tratta di un\u2019importante impresa estrattiva che produce reddito e occupazione e che, grazie a innovativi progetti di sostenibilit\u00e0 ambientale, garantisce il ripristino dei territori una volta esaurita l\u2019attivit\u00e0 di sfruttamento delle risorse.<\/p>\n<p>\u201cSiamo in presenza \u2013 ha detto l\u2019assessore Piras \u2013 di un imprenditore serio e affidabile, con garanzie finanziarie solide, che in poco tempo ha sviluppato un piano di investimenti a lungo termine accompagnato dalla regolare polizza fideiussoria prevista dalla normativa vigente. Le ricadute economiche sono rilevanti e i posti di lavoro, tra diretti e indotto, sono quasi 250, molti dei quali nel settore dei trasporti. La sostenibilit\u00e0, inoltre, \u00e8 assicurata sia dalla nuova linea di produzione a basso impatto ambientale, per effetto dell\u2019essicamento in loco della materia prima, grazie all\u2019azione del sole e al vento, sia dai lavori in atto perch\u00e9 i territori siano restituiti nelle stesse condizioni in cui si trovavano prima degli scavi\u201d.<\/p>\n<p>L\u2019investimento previsto, con conseguente intensificazione delle attivit\u00e0, \u00e8 di circa 4 milioni di euro. Il minerale estratto in Sardegna \u00e8 di ottima qualit\u00e0: dopo essere stato trattato in uno stabilimento di Santa Giusta, viene venduto prevalentemente all\u2019estero. La bentonite \u00e8 un materiale argilloso prelevato attraverso scavi nella miniera a cielo aperto. Il prodotto finale \u00e8 lavorato prevalentemente in fonderia ma trova larga applicazione in molti settori: trattamento delle acque, industria della carta, industria automobilistica, alimentazione, agricoltura, cosmesi, farmaceutica, contenimento dei rifiuti, conservazione dei cibi, pitture e vernici.<\/p>\n<p>\u201cNonostante svolga attivit\u00e0 di cava \u2013 ha detto l\u2019assessore Piras \u2013 la Clariant rappresenta un esempio virtuoso per l\u2019attenzione nei confronti della sostenibilit\u00e0, il rispetto dell\u2019ambiente, l\u2019uso intelligente delle risorse e la riduzione dei consumi energetici e delle risorse idriche. Ritengo importante che l\u2019azienda mantenga la sede legale nell\u2019isola e, soprattutto, che abbia annunciato di voler incrementare gli investimenti. Mi auguro \u2013 ha aggiunto \u2013 che possano essere sviluppati e ampliati anche altri aspetti della qualit\u00e0 della produzione, come il laboratorio per le ricerche chimiche e mineralogiche. Le professionalit\u00e0 isolane potranno cos\u00ec formarsi e specializzarsi e il patrimonio di conoscenze acquisite non andr\u00e0 disperso\u201d.<\/p>\n","protected":false},"excerpt":{"rendered":"<p>Sassari, 16 Mag 2016\u00a0\u2013 L\u2019assessore Maria Grazia Piras e i tecnici dell\u2019assessorato dell\u2019Industria hanno visitato questa mattina il sito e gli impianti della multinazionale Clariant,&#8230;<\/p>\n","protected":false},"author":2,"featured_media":28942,"comment_status":"closed","ping_status":"closed","sticky":false,"template":"","format":"standard","meta":[],"categories":[49,52],"tags":[],"_links":{"self":[{"href":"https:\/\/www.cronacaonline.it\/index.php\/wp-json\/wp\/v2\/posts\/127035"}],"collection":[{"href":"https:\/\/www.cronacaonline.it\/index.php\/wp-json\/wp\/v2\/posts"}],"about":[{"href":"https:\/\/www.cronacaonline.it\/index.php\/wp-json\/wp\/v2\/types\/post"}],"author":[{"embeddable":true,"href":"https:\/\/www.cronacaonline.it\/index.php\/wp-json\/wp\/v2\/users\/2"}],"replies":[{"embeddable":true,"href":"https:\/\/www.cronacaonline.it\/index.php\/wp-json\/wp\/v2\/comments?post=127035"}],"version-history":[{"count":0,"href":"https:\/\/www.cronacaonline.it\/index.php\/wp-json\/wp\/v2\/posts\/127035\/revisions"}],"wp:featuredmedia":[{"embeddable":true,"href":"https:\/\/www.cronacaonline.it\/index.php\/wp-json\/"}],"wp:attachment":[{"href":"https:\/\/www.cronacaonline.it\/index.php\/wp-json\/wp\/v2\/media?parent=127035"}],"wp:term":[{"taxonomy":"category","embeddable":true,"href":"https:\/\/www.cronacaonline.it\/index.php\/wp-json\/wp\/v2\/categories?post=127035"},{"taxonomy":"post_tag","embeddable":true,"href":"https:\/\/www.cronacaonline.it\/index.php\/wp-json\/wp\/v2\/tags?post=127035"}],"curies":[{"name":"wp","href":"https:\/\/api.w.org\/{rel}","templated":true}]}}