{"id":127033,"date":"2016-05-16T18:32:47","date_gmt":"2016-05-16T16:32:47","guid":{"rendered":"http:\/\/www.cronacaonline.it\/public\/content\/?p=127033"},"modified":"2016-05-16T18:32:47","modified_gmt":"2016-05-16T16:32:47","slug":"vertenza-entrate-ultimo-sigillo-il-cdm-approva-le-norme-di-attuazione-pigliaru-risultato-straordinario-per-la-sardegna","status":"publish","type":"post","link":"https:\/\/www.cronacaonline.it\/index.php\/2016\/05\/16\/vertenza-entrate-ultimo-sigillo-il-cdm-approva-le-norme-di-attuazione-pigliaru-risultato-straordinario-per-la-sardegna\/","title":{"rendered":"Vertenza entrate, ultimo sigillo. Il Cdm approva le norme di attuazione. Pigliaru: risultato straordinario per la Sardegna"},"content":{"rendered":"<p>Cagliari, 16 Mag 2016 -\u00a0L'ultimo sigillo alla chiusura definitiva, dopo 10 anni, della Vertenza Entrate \u00e8 arrivato\u00a0oggi\u00a0da Roma. Il consiglio dei Ministri ha infatti approvato le Norme di attuazione dell'articolo 8 dello Statuto, che elenca tutte le entrate che spettano alla Sardegna incluse quelle oggetto del contenzioso. Significa, ed \u00e8 un risultato storico a lungo perseguito, che l'accordo con lo Stato diventa una legge certa, con regole scritte e precise che riconoscono pienamente tutto quanto rivendicato dalla Sardegna all\u2019interno della Commissione paritetica Stato-Regione per l'attuazione dello Statuto speciale.<\/p>\n<p>\"Oggi\u00a0la parola fine sulla lunga e complicata vicenda della Vertenza Entrate \u00e8 davvero definitiva, e sono felice di poter chiudere da Presidente una partita che il governo di centrosinistra ha avviato 10 anni fa - dice il presidente Francesco Pigliaru -. \u00c8 un risultato straordinario, ottenuto grazie a un costante lavoro quotidiano con Palazzo Chigi, con il Ministero dell\u2019Economia e delle Finanze e con la Ragioneria dello Stato. Voglio ringraziare la Commissione paritetica per il suo impegno, e il Consiglio regionale che ha avuto in questa vicenda un ruolo molto importante. Portiamo a casa regole certe, condivise e che ristabiliscono quanto dovuto alla Sardegna, dopo che nel 2006 ottenemmo una riscrittura dell'articolo 8 dello Statuto molto pi\u00f9 favorevole di quanto lo fosse fino ad allora.\u00a0Oggi\u00a0finalmente chiudiamo il cerchio: ed \u00e8 il frutto di un rapporto di leale, costante collaborazione tecnica e politica con il Governo, alla vigilia di altri importanti accordi e risultati che arriveranno nelle prossime settimane per far crescere la Sardegna e migliorare la vita di tutti i sardi\".<\/p>\n<p>In termini di denaro, significa che nelle casse della Sardegna entreranno fra i 130 e i 150 milioni in pi\u00f9 all'anno, e che tutti i 900 milioni di arretrati rivendicati saranno pagati in 4 anni (300 gi\u00e0 versati a gennaio 2015, primi soldi incassati dal 2010). In termini di garanzie il risultato non ha precedenti, perch\u00e9 le regole sono state finalmente scritte dalla Regione, condivise con Roma e dunque regoleranno tutti i futuri rapporti in materia di fisco. Altro importante risultato \u00e8 che lo Stato non potr\u00e0 tenere per s\u00e9 le riserve erariali della Sardegna per fare cassa, se non in casi di eventi eccezionali e imprevedibili, un terremoto per esempio, che rendano necessario ricorrere a risorse straordinarie.<\/p>\n<p>Le Norme di attuazione sono state approvate dalla Commissione paritetica lo \u00a0scorso 12 dicembre. Il 1 febbraio, il Consiglio regionale ha certificato il risultato approvando un ordine del giorno con i voti della maggioranza di centrosinistra. Ma l'intero percorso \u00e8 iniziato nel 2006 con l'accordo Soru-Prodi che, recepito nella legge 296, modificava l'articolo 8 dello Statuto riconoscendo alla Regione nuove e maggiori entrate tributarie per un totale di 5,8 miliardi di euro. Durante la precedente legislatura, senza l'approvazione delle norme di attuazione, la vertenza era rimasta aperta per alcune entrate sulle quali non si riusciva a trovare un metodo condiviso di quantificazione e cio\u00e8 Ires maturata, giochi, riserve matematiche, redditi di capitale, tutte voci che\u00a0oggi\u00a0vengono pienamente riconosciute come spettanti alla Sardegna. Importante la novit\u00e0 contenuta nell'articolo 2, ovvero la possibilit\u00e0 di inversione del gettito fiscale: significa che, dopo un accordo con l'Agenzia delle Entrate, la parte delle compartecipazioni erariali che spetta alla Sardegna non sar\u00e0 pi\u00f9 versata a Roma per poi tornare nell'Isola ma rester\u00e0 direttamente e immediatamente disponibile nelle casse regionali.<\/p>\n<p>\"Siamo molto soddisfatti, il risultato \u00e8 quello che volevamo e che abbiamo fermamente perseguito in questi due anni alla guida della Regione - sottolinea l'assessore della Programmazione e del Bilancio Raffaele Paci -. Dalla nostra parte avevamo la sentenza della Corte Costituzionale del 2012 e un Governo disponibile al confronto, ma il risultato non era affatto scontato. Un risultato che\u00a0oggi\u00a0premia la Sardegna e i sardi, con risorse finalmente certe che potranno essere utilizzate in totale autonomia dalla Regione per migliorare la qualit\u00e0 della vita dei cittadini, creando opportunit\u00e0 di sviluppo e lavoro. Ora il nostro compito sar\u00e0 quello di monitorare la situazione per verificare che tutti gli accordi siano applicati. In questo senso sar\u00e0 di grande aiuto l'Agenzia regionale delle Entrate, ormai in dirittura d'arrivo\".<\/p>\n","protected":false},"excerpt":{"rendered":"<p>Cagliari, 16 Mag 2016 &#8211;\u00a0L&#8217;ultimo sigillo alla chiusura definitiva, dopo 10 anni, della Vertenza Entrate \u00e8 arrivato\u00a0oggi\u00a0da Roma. Il consiglio dei Ministri ha infatti approvato&#8230;<\/p>\n","protected":false},"author":2,"featured_media":123266,"comment_status":"closed","ping_status":"closed","sticky":false,"template":"","format":"standard","meta":[],"categories":[49,52],"tags":[],"_links":{"self":[{"href":"https:\/\/www.cronacaonline.it\/index.php\/wp-json\/wp\/v2\/posts\/127033"}],"collection":[{"href":"https:\/\/www.cronacaonline.it\/index.php\/wp-json\/wp\/v2\/posts"}],"about":[{"href":"https:\/\/www.cronacaonline.it\/index.php\/wp-json\/wp\/v2\/types\/post"}],"author":[{"embeddable":true,"href":"https:\/\/www.cronacaonline.it\/index.php\/wp-json\/wp\/v2\/users\/2"}],"replies":[{"embeddable":true,"href":"https:\/\/www.cronacaonline.it\/index.php\/wp-json\/wp\/v2\/comments?post=127033"}],"version-history":[{"count":0,"href":"https:\/\/www.cronacaonline.it\/index.php\/wp-json\/wp\/v2\/posts\/127033\/revisions"}],"wp:featuredmedia":[{"embeddable":true,"href":"https:\/\/www.cronacaonline.it\/index.php\/wp-json\/wp\/v2\/media\/123266"}],"wp:attachment":[{"href":"https:\/\/www.cronacaonline.it\/index.php\/wp-json\/wp\/v2\/media?parent=127033"}],"wp:term":[{"taxonomy":"category","embeddable":true,"href":"https:\/\/www.cronacaonline.it\/index.php\/wp-json\/wp\/v2\/categories?post=127033"},{"taxonomy":"post_tag","embeddable":true,"href":"https:\/\/www.cronacaonline.it\/index.php\/wp-json\/wp\/v2\/tags?post=127033"}],"curies":[{"name":"wp","href":"https:\/\/api.w.org\/{rel}","templated":true}]}}