{"id":127031,"date":"2016-05-16T17:37:55","date_gmt":"2016-05-16T15:37:55","guid":{"rendered":"http:\/\/www.cronacaonline.it\/public\/content\/?p=127031"},"modified":"2016-05-16T17:37:55","modified_gmt":"2016-05-16T15:37:55","slug":"politiche-sociali-arru-a-terralba-per-presentazione-bilancio-sociale-del-plus","status":"publish","type":"post","link":"https:\/\/www.cronacaonline.it\/index.php\/2016\/05\/16\/politiche-sociali-arru-a-terralba-per-presentazione-bilancio-sociale-del-plus\/","title":{"rendered":"Politiche sociali, Arru a Terralba per presentazione bilancio sociale del plus"},"content":{"rendered":"<p>Terralba (Or), 16 Mag 2016\u00a0- \"Siete una palestra di democrazia, un modello che va esportato, per l'integrazione e la cooperazione tra tutti i soggetti coinvolti nelle politiche socio-sanitarie\". Lo ha detto l'assessore regionale della Sanit\u00e0, Luigi Arru, che\u00a0oggi\u00a0ha partecipato alla presentazione del Bilancio sociale del Plus di Ales-Terralba. Dopo aver seguito l'illustrazione dei progetti portati avanti e ascoltato le testimonianze degli operatori sociali, Arru ha ricordato la delibera di Giunta, con interventi per oltre 350 milioni, approvata nelle scorse settimane: \"Le risorse non mancano - ha detto l'assessore - ma la cosa pi\u00f9 importante \u00e8 il metodo adottato, quello dell'integrazione tra azioni di diversi Assessorati. In tutti i settori, abbiamo difficolt\u00e0 a far capire che lavorare insieme \u00e8 fondamentale. Se ci sono tante risorse, ma le cose non vanno nel modo giusto, significa che dobbiamo cambiare e rendere efficiente un sistema che costa ai Sardi oltre tre miliardi e trecento milioni\u201d.<\/p>\n<p>L\u2019assessore ha fatto, poi, un rapido passaggio sulla riforma della Rete ospedaliera: \u201cMi dicono che vogliono chiudere gli ospedali e questo non \u00e8 vero. Io voglio un modello di assistenza ospedaliera diversa, che si basa sui dati. Non accetto un sistema, come quello del passato, legato al codice di avviamento postale del politico di turno, che determina la nascita di ospedali e servizi. Abbiamo 29 ospedali e, nonostante ci\u00f2, un preoccupante grado di insoddisfazione: significa che c\u2019\u00e8 qualcosa che non torna. Dobbiamo avere il coraggio di dire che non serve pi\u00f9 il modello di sanit\u00e0 che abbiamo avuto fino adesso\u201d.<\/p>\n<p>\u201cIn questo territorio, grazie all'impegno dei nostri operatori e al forte lavoro di rete fra i servizi sociali e sanitari \u2013 ha spiegato il Commissario della Asl 5 di Oristano Maria Giovanna Porcu \u2013 siamo riusciti a far partire delle azioni assolutamente innovative. Ne \u00e8 un esempio il progetto pilota \u201cVita indipendente\u201d, mirato all'inclusione sociale di persone con disabilit\u00e0 psichica o fisica che, per riconquistare la propria indipendenza,\u00a0oggi\u00a0hanno al possibilit\u00e0 di condividere un appartamento e svolgere dei tirocini formativi presso aziende agricole o artigiane. L'ADIP (Assistenza Domiciliare Integrata Plus), servizio rivolto alla popolazione anziana, non autosufficiente e fragile, permette di erogare prestazioni di natura sanitaria e socio-assistenziale a domicilio, in collaborazione con il personale della Asl 5 di Oristano. Abbiamo in cantiere altri progetti, come quelli mirati al sostegno alle donne vittime di violenza ed al rafforzamento del PUA (Punto Unico d'accesso)\u201d.<\/p>\n","protected":false},"excerpt":{"rendered":"<p>Terralba (Or), 16 Mag 2016\u00a0&#8211; &#8220;Siete una palestra di democrazia, un modello che va esportato, per l&#8217;integrazione e la cooperazione tra tutti i soggetti coinvolti&#8230;<\/p>\n","protected":false},"author":2,"featured_media":116066,"comment_status":"closed","ping_status":"closed","sticky":false,"template":"","format":"standard","meta":[],"categories":[49,52],"tags":[],"_links":{"self":[{"href":"https:\/\/www.cronacaonline.it\/index.php\/wp-json\/wp\/v2\/posts\/127031"}],"collection":[{"href":"https:\/\/www.cronacaonline.it\/index.php\/wp-json\/wp\/v2\/posts"}],"about":[{"href":"https:\/\/www.cronacaonline.it\/index.php\/wp-json\/wp\/v2\/types\/post"}],"author":[{"embeddable":true,"href":"https:\/\/www.cronacaonline.it\/index.php\/wp-json\/wp\/v2\/users\/2"}],"replies":[{"embeddable":true,"href":"https:\/\/www.cronacaonline.it\/index.php\/wp-json\/wp\/v2\/comments?post=127031"}],"version-history":[{"count":0,"href":"https:\/\/www.cronacaonline.it\/index.php\/wp-json\/wp\/v2\/posts\/127031\/revisions"}],"wp:featuredmedia":[{"embeddable":true,"href":"https:\/\/www.cronacaonline.it\/index.php\/wp-json\/"}],"wp:attachment":[{"href":"https:\/\/www.cronacaonline.it\/index.php\/wp-json\/wp\/v2\/media?parent=127031"}],"wp:term":[{"taxonomy":"category","embeddable":true,"href":"https:\/\/www.cronacaonline.it\/index.php\/wp-json\/wp\/v2\/categories?post=127031"},{"taxonomy":"post_tag","embeddable":true,"href":"https:\/\/www.cronacaonline.it\/index.php\/wp-json\/wp\/v2\/tags?post=127031"}],"curies":[{"name":"wp","href":"https:\/\/api.w.org\/{rel}","templated":true}]}}