{"id":126679,"date":"2016-05-08T10:27:59","date_gmt":"2016-05-08T08:27:59","guid":{"rendered":"http:\/\/www.cronacaonline.it\/public\/content\/?p=126679"},"modified":"2016-05-08T10:27:59","modified_gmt":"2016-05-08T08:27:59","slug":"scontri-tra-black-bloc-e-forze-dellordine-al-brennero-17-agenti-feriti-e-5-manifestanti-arrestati","status":"publish","type":"post","link":"https:\/\/www.cronacaonline.it\/index.php\/2016\/05\/08\/scontri-tra-black-bloc-e-forze-dellordine-al-brennero-17-agenti-feriti-e-5-manifestanti-arrestati\/","title":{"rendered":"Scontri tra Black Bloc e forze dell&#8217;ordine al Brennero: 17 agenti feriti e 5 manifestanti arrestati"},"content":{"rendered":"<p>Brennero, 8 Mag 2016 - Feriti 17 uomini delle forze dell'ordine,\u00a014 agenti, di cui 13\u00a0del reparto mobile e uno della Questura di Bolzano e tre\u00a0carabinieri. Feriti anche due manifestanti.\u00a014 i manifestanti\u00a0fermati, di cui\u00a0cinque italiani sono stati poi arrestati,\u00a0tre uomini e due donne. Tra i fermati due donne\u00a0austriache e un uomo tedesco. Questo\u00a0il bilancio dei disordini che sono avvenuti questo pomeriggio al confine tra l'Italia e l'Austria.<\/p>\n<p>I reati di cui sono accusati i 14,\u00a0a vario titolo, sono resistenza a pubblico ufficiale,\u00a0interruzione di pubblico servizio, uso e porto di armi improprie.\u00a0Tra gli oggetti sequestrati dagli agenti della questura di\u00a0Bolzano ci sono numerose armi improprie, fionde, sassi, bastoni e persino\u00a0il manico di un'ascia.<\/p>\n<p>La manifestazione\u00a0dal titolo 'abbattiamo le frontiere' \u00e8 stata indetta dai\u00a0centri sociali italiani, in particolare del Trentino, Emilia\u00a0Romagna e Lombardia, per protestare contro le annunciate\u00a0barriere anti-migranti da parte dell'Austria.<\/p>\n<p>I disordini del Brennero hanno preso il via verso le tre del\u00a0pomeriggio quando i manifestanti giunti in treno da varie\u00a0localit\u00e0 italiane e che attendevano alla stazione ferroviaria\u00a0sono stati raggiunti dai loro compagni che venivano da nord,\u00a0dall'Austria in particolare ma anche dalla Germania. Anarchici e\u00a0black bloc sono usciti in 500 dalla stazione vestiti di nero e\u00a0con il volto coperto da fazzoletti neri. Ad attenderli una selva\u00a0di telecamere e di cronisti, che sono subito stati oggetto di\u00a0slogan contro la stampa.<\/p>\n<p>I manifestanti hanno anche cercato di\u00a0aggredire alcuni cineoperatori che svolgevano il loro lavoro\u00a0lungo le strade. Sono intervenuti i poliziotti che li hanno\u00a0respinti con i manganelli. Il corteo \u00e8 poi stato raggiunto da\u00a0altri manifestanti, giunti al Brennero con le loro automobili e invece di\u00a0recarsi oltre il confine con l'Austria dove ad\u00a0attenderli c'erano 700 gendarmi in assetto antisommossa, hanno\u00a0preferito ingaggiare con le loro provocazioni poliziotti,\u00a0carabinieri, agenti della guardia di finanza che presidiavano\u00a0l'area.<\/p>\n<p>Ad un certo punto un gruppo di manifestanti ha abbattuto\u00a0una recinzione, invadendo la sede ferroviaria e,\u00a0contemporaneamente, lanciando grossi sassi ed altri oggetti,\u00a0oltre che bengala e botti contro le forze dell'ordine. Il corteo\u00a0si \u00e8 poi diviso in due parti, con met\u00e0 dei manifestanti che\u00a0hanno invaso la linea ferroviaria e l'altra met\u00e0 che ha\u00a0raggiunto l'autostrada. Per un po' di tempo il traffico su\u00a0entrambe le arterie \u00e8 rimasto bloccato.<\/p>\n<p>Le forze dell'ordine\u00a0sono per\u00f2 riuscite ad accerchiare i manifestanti\u00a0disperdendone gran parte e bloccando quanti erano rimasti lungo\u00a0la statale del Brennero a sud del confine. Qui c'\u00e8 stato\u00a0l'ultimo lancio di sassate dei dimostranti e le forze\u00a0dell'ordine hanno messo in campo anche un grosso idrante che ha\u00a0convinto gli ultimi black bloc a disperdersi.<\/p>\n<p>Soddisfazione \u00e8 stata espressa dal ministro dell'Interno Angelino Alfano per le parole pronunciate dal\u00a0ministro\u00a0degli Interni austriaco Wolfgang Sobotka sul Brennero: non ci sar\u00e0 alcun muro e nemmeno nessun controllo se l'Italia \"far\u00e0 i suoi compiti\". Queste dichiarazioni - spiega - sono\u00a0\"il\u00a0frutto del nostro lavoro\" e \"la conferma di quello che avevamo\u00a0gi\u00e0 concordato dieci giorni fa\". E aggiunge:\u00a0\"Gli ho dato la prova che sprecherebbero i soldi che\u00a0stanno impiegando per costruire le attivit\u00e0 preparatorie di una\u00a0eventuale barriera. Saranno soldi sprecati gli ho detto perch\u00e9\u00a0noi nel frattempo lavoreremo cos\u00ec bene alle frontiere che non ce\u00a0ne sar\u00e0 pi\u00f9 bisogno\".<\/p>\n<p>\"Questo centro va chiuso. Era nato\u00a0su mia richiesta per fronteggiare l'emergenza del 2015, ora\u00a0questa emergenza non c'\u00e8 pi\u00f9, non vedo perch\u00e8 debba rimanere\u00a0aperto\". Cos\u00ec il ministro dell'Interno, Angelino Alfano nella\u00a0sua visita a Ventimiglia per la questione immigrazione. Alfano\u00a0si riferisce al centro nato nella stazione della citt\u00e0 di\u00a0confine che ospita circa 200 migranti al momento. \"Migranti che\u00a0devono essere allontanati con un piano specifico. Sono qui per un confronto col territorio e l'amministrazione locale. Il 2015 \u00e8\u00a0stato un anno difficile in termini di arrivi in Liguria.\u00a0Faremo in modo che quest'anno ce ne siano meno, controllando la\u00a0ferrovia\" ha detto Alfano.<\/p>\n<p>I migranti non possono\u00a0scegliere i luoghi dell'Italia dove farsi accogliere. Se\u00a0arrivano in Italia, siamo noi che scegliamo dove accogliere e i\u00a0migranti devono sapere che da Ventimiglia non possono andare in\u00a0Francia. Devono rassegnarsi al fatto che da Ventimiglia non si\u00a0va in Francia, perch\u00e9 noi non alimentiamo false aspettative e\u00a0perch\u00e9 un transito dalle frontiere italiane, verso quelle degli\u00a0altri paesi europei confinanti, pu\u00f2 rappresentare il pretesto\u00a0per costruire muri\", ha detto Alfano.<\/p>\n<p>Due, secondo Alfano, le strategie da utilizzare: \"prevenire e\u00a0dissuadere\". \"Se noi dimostreremo ai migranti che in Francia, da\u00a0qui, non si pu\u00f2 andare smetteranno di arrivare. Sappiamo che \u00e8\u00a0un lavoro complicato e non si pu\u00f2 dire che non ne faremo\u00a0arrivare pi\u00f9 neanche uno, ma bisogna ridurre i flussi. Come\u00a0azione di dissuasione bisogna controllare i treni: prima che i\u00a0treni arrivino qui occorre che i migranti irregolari scendano e\u00a0si facciano fotosegnalare. Poi stabiliremo noi dove\u00a0accoglierli\", ha spiegato il titolare del Viminale secondo il\u00a0quale \"\u00e8 indispensabile fotosegnalare tutti, perch\u00e9 quelli che\u00a0non si fanno fotografare, sperano di varcare la frontiera\u00a0senza esserlo, in modo da non venire riammessi in Italia\".<\/p>\n<p>\"Come Regione chiediamo al\u00a0ministro Alfano di tenere conto dei disagi che questa citt\u00e0 vive\u00a0ormai da tanti anni e del fatto che la Liguria \u00e8 un territorio\u00a0in cui le aziende vivono di turismo e dove c'\u00e8 bisogno di\u00a0mantenere un livello di sicurezza e di decoro tale da renderla\u00a0appetibile\". Lo ha detto il governatore della Liguria Giovanni\u00a0Toti.<\/p>\n<p>Il governatore accolto da un gruppo di residenti e di turiste che si\u00a0lamentavano per la presenza di migranti in citt\u00e0, ha\u00a0sottolineato che \"la Liguria \u00e8 una regione con un territorio\u00a0lungo, stretto e difficile e quindi pu\u00f2 ospitare la quantit\u00e0 di\u00a0immigrati che abbiamo ospitato negli anni passati\".<\/p>\n","protected":false},"excerpt":{"rendered":"<p>Brennero, 8 Mag 2016 &#8211; Feriti 17 uomini delle forze dell&#8217;ordine,\u00a014 agenti, di cui 13\u00a0del reparto mobile e uno della Questura di Bolzano e tre\u00a0carabinieri.&#8230;<\/p>\n","protected":false},"author":2,"featured_media":126680,"comment_status":"closed","ping_status":"closed","sticky":false,"template":"","format":"standard","meta":[],"categories":[49,50],"tags":[],"_links":{"self":[{"href":"https:\/\/www.cronacaonline.it\/index.php\/wp-json\/wp\/v2\/posts\/126679"}],"collection":[{"href":"https:\/\/www.cronacaonline.it\/index.php\/wp-json\/wp\/v2\/posts"}],"about":[{"href":"https:\/\/www.cronacaonline.it\/index.php\/wp-json\/wp\/v2\/types\/post"}],"author":[{"embeddable":true,"href":"https:\/\/www.cronacaonline.it\/index.php\/wp-json\/wp\/v2\/users\/2"}],"replies":[{"embeddable":true,"href":"https:\/\/www.cronacaonline.it\/index.php\/wp-json\/wp\/v2\/comments?post=126679"}],"version-history":[{"count":0,"href":"https:\/\/www.cronacaonline.it\/index.php\/wp-json\/wp\/v2\/posts\/126679\/revisions"}],"wp:featuredmedia":[{"embeddable":true,"href":"https:\/\/www.cronacaonline.it\/index.php\/wp-json\/wp\/v2\/media\/126680"}],"wp:attachment":[{"href":"https:\/\/www.cronacaonline.it\/index.php\/wp-json\/wp\/v2\/media?parent=126679"}],"wp:term":[{"taxonomy":"category","embeddable":true,"href":"https:\/\/www.cronacaonline.it\/index.php\/wp-json\/wp\/v2\/categories?post=126679"},{"taxonomy":"post_tag","embeddable":true,"href":"https:\/\/www.cronacaonline.it\/index.php\/wp-json\/wp\/v2\/tags?post=126679"}],"curies":[{"name":"wp","href":"https:\/\/api.w.org\/{rel}","templated":true}]}}