{"id":126464,"date":"2016-05-03T17:38:06","date_gmt":"2016-05-03T15:38:06","guid":{"rendered":"http:\/\/www.cronacaonline.it\/public\/content\/?p=126464"},"modified":"2016-05-03T17:38:06","modified_gmt":"2016-05-03T15:38:06","slug":"markus-werba-interpreta-raffinate-pagine-musicali-e-preziosi-lieder-giovedi-5-maggio-alle-20-30-per-la-stagione-concertistica-2016","status":"publish","type":"post","link":"https:\/\/www.cronacaonline.it\/index.php\/2016\/05\/03\/markus-werba-interpreta-raffinate-pagine-musicali-e-preziosi-lieder-giovedi-5-maggio-alle-20-30-per-la-stagione-concertistica-2016\/","title":{"rendered":"Markus Werba interpreta raffinate pagine musicali e preziosi lieder, gioved\u00ec 5 maggio alle 20.30, per la Stagione concertistica 2016"},"content":{"rendered":"<p>Cagliari, 3 Mag 2016 - La Stagione concertistica 2016 del Teatro Lirico di Cagliari prosegue con il decimo appuntamento, gioved\u00ec 5 maggio alle 20.30 (turno A): in un\u2019unica, imperdibile, serata \u00e8 previsto il gradito ritorno di Markus Werba, applaudito baritono nei teatri del mondo e assiduo frequentatore del palcoscenico cagliaritano, che propone, con l\u2019accompagnamento al pianoforte di James Baillieu, rare e raffinate pagine musicali e preziosi lieder di Schubert, Faur\u00e9, Debussy, Ravel, Schumann.<\/p>\n<p>Il programma musicale prevede nello specifico: Der Schiffer; Der Wanderer an den Mond; Die Forelle; Fischerweise di Franz Schubert; Apr\u00e8s un r\u00eave; Automne; Les berceaux; Le secret; Nocturne; Clair de lune di Gabriel Faur\u00e9; Beau soir; Romance; Le son du cor s\u2019affige di Claude Debussy; Don Quichotte \u00e0 Dulcin\u00e9e (Chanson romanesque, Chanson \u00e9pique, Chanson \u00e0 boire) di Maurice Ravel; Dichterliebe, op. 48 di Robert Schumann.<\/p>\n<p>Prezzi biglietti: platea \u20ac 35,00 (settore giallo), \u20ac 30,00 (settore rosso), \u20ac 25,00 (settore blu); I loggia \u20ac 30,00 (settore giallo), \u20ac 25,00 (settore rosso), \u20ac 20,00 (settore blu); II loggia \u20ac 10,00 (settore giallo), \u20ac 10,00 (settore rosso), \u20ac 10,00 (settore blu).<\/p>\n<p>Prosegue la vendita di abbonamenti agli ultimi 8 concerti della Stagione concertistica: in particolare si possono acquistare da luned\u00ec 22 febbraio, fino a gioved\u00ec 5 maggio, per il turno A e da luned\u00ec 7 marzo, fino a sabato 4 giugno, per il turno B.<\/p>\n<p>Prezzi abbonamenti (8 concerti): platea \u20ac 135,00 (settore giallo), \u20ac 125,00 (settore rosso), \u20ac 105,00 (settore blu); I loggia \u20ac 125,00 (settore giallo), \u20ac 100,00 (settore rosso), \u20ac 80,00 (settore blu); II loggia \u20ac 45,00 (settore giallo), \u20ac 45,00 (settore rosso), \u20ac 35,00 (settore blu).<\/p>\n<p>Ai giovani under 30 sono applicate riduzioni del 50% sull\u2019acquisto di abbonamenti e biglietti. Ulteriori agevolazioni sono previste per gruppi organizzati.<\/p>\n<p>La Biglietteria del Teatro Lirico \u00e8 aperta dal luned\u00ec al venerd\u00ec dalle 9 alle 13 e dalle 16 alle 20, il sabato dalle 9 alle 13 e nell\u2019ora precedente l\u2019inizio dello spettacolo. I giorni festivi solo nell\u2019ora precedente l\u2019inizio dello spettacolo.<\/p>\n","protected":false},"excerpt":{"rendered":"<p>Cagliari, 3 Mag 2016 &#8211; La Stagione concertistica 2016 del Teatro Lirico di Cagliari prosegue con il decimo appuntamento, gioved\u00ec 5 maggio alle 20.30 (turno&#8230;<\/p>\n","protected":false},"author":2,"featured_media":126465,"comment_status":"closed","ping_status":"closed","sticky":false,"template":"","format":"standard","meta":[],"categories":[49,54],"tags":[],"_links":{"self":[{"href":"https:\/\/www.cronacaonline.it\/index.php\/wp-json\/wp\/v2\/posts\/126464"}],"collection":[{"href":"https:\/\/www.cronacaonline.it\/index.php\/wp-json\/wp\/v2\/posts"}],"about":[{"href":"https:\/\/www.cronacaonline.it\/index.php\/wp-json\/wp\/v2\/types\/post"}],"author":[{"embeddable":true,"href":"https:\/\/www.cronacaonline.it\/index.php\/wp-json\/wp\/v2\/users\/2"}],"replies":[{"embeddable":true,"href":"https:\/\/www.cronacaonline.it\/index.php\/wp-json\/wp\/v2\/comments?post=126464"}],"version-history":[{"count":0,"href":"https:\/\/www.cronacaonline.it\/index.php\/wp-json\/wp\/v2\/posts\/126464\/revisions"}],"wp:featuredmedia":[{"embeddable":true,"href":"https:\/\/www.cronacaonline.it\/index.php\/wp-json\/wp\/v2\/media\/126465"}],"wp:attachment":[{"href":"https:\/\/www.cronacaonline.it\/index.php\/wp-json\/wp\/v2\/media?parent=126464"}],"wp:term":[{"taxonomy":"category","embeddable":true,"href":"https:\/\/www.cronacaonline.it\/index.php\/wp-json\/wp\/v2\/categories?post=126464"},{"taxonomy":"post_tag","embeddable":true,"href":"https:\/\/www.cronacaonline.it\/index.php\/wp-json\/wp\/v2\/tags?post=126464"}],"curies":[{"name":"wp","href":"https:\/\/api.w.org\/{rel}","templated":true}]}}