{"id":125895,"date":"2016-04-18T18:53:14","date_gmt":"2016-04-18T16:53:14","guid":{"rendered":"http:\/\/www.cronacaonline.it\/public\/content\/?p=125895"},"modified":"2016-04-18T18:53:14","modified_gmt":"2016-04-18T16:53:14","slug":"libano-cambio-al-comando-del-contingente-italiano-di-unifil-la-brigata-sassari-subentra-alla-taurinense","status":"publish","type":"post","link":"https:\/\/www.cronacaonline.it\/index.php\/2016\/04\/18\/libano-cambio-al-comando-del-contingente-italiano-di-unifil-la-brigata-sassari-subentra-alla-taurinense\/","title":{"rendered":"Libano: cambio al comando del contingente italiano di Unifil. La brigata \u201cSassari\u201d subentra alla \u201cTaurinense\u201d."},"content":{"rendered":"<p>Shama (Libano), 18 Apr 2016 \u2013 La Brigata \u201cSassari\u201d \u00e8 subentrata alla Brigata alpina \u201cTaurinense\u201d al comando dell\u2019operazione \u201cLeonte\u201d nell\u2019ambito della missione Unifil (United Nations Interim Force in Lebanon), la Forza di interposizione della Nazioni Unite nel Sud del Libano.<\/p>\n<p>Il generale Luciano Portolano, Capo missione e Comandante delle forze Onu nel Libano meridionale, ha sovrinteso alla cerimonia di passaggio di responsabilit\u00e0 tra il generale Franco Federici e il parigrado Arturo Nitti.<\/p>\n<p>La cerimonia si \u00e8 svolta alla presenza del Capo di Stato Maggiore della Difesa, generale Claudio Graziano, che ha elogiato gli alpini della Taurinense per l\u2019importante lavoro svolto.<\/p>\n<p><img loading=\"lazy\" class=\"size-medium wp-image-125901 alignleft\" src=\"https:\/\/www.cronacaonline.it\/wp-content\/uploads\/2016\/04\/brigata-sassari-in-libano3-1-300x200.jpg\" alt=\"brigata sassari in libano3\" width=\"300\" height=\"200\" srcset=\"https:\/\/www.cronacaonline.it\/wp-content\/uploads\/2016\/04\/brigata-sassari-in-libano3-1-300x200.jpg 300w, https:\/\/www.cronacaonline.it\/wp-content\/uploads\/2016\/04\/brigata-sassari-in-libano3-1.jpg 600w\" sizes=\"(max-width: 300px) 100vw, 300px\" \/><img loading=\"lazy\" class=\"size-medium wp-image-125899 alignleft\" src=\"https:\/\/www.cronacaonline.it\/wp-content\/uploads\/2016\/04\/soldati-della-brigata-sassari-in-libano-1-300x200.jpg\" alt=\"soldati della brigata sassari in libano\" width=\"300\" height=\"200\" srcset=\"https:\/\/www.cronacaonline.it\/wp-content\/uploads\/2016\/04\/soldati-della-brigata-sassari-in-libano-1-300x200.jpg 300w, https:\/\/www.cronacaonline.it\/wp-content\/uploads\/2016\/04\/soldati-della-brigata-sassari-in-libano-1.jpg 600w\" sizes=\"(max-width: 300px) 100vw, 300px\" \/>\u201cSiete stati ottimi ambasciatori delle Nazioni Unite \u2013 detto - avendo improntato il vostro operato al dialogo e alla cooperazione. Ancora una volta, avete dato prova della peculiarit\u00e0 della via italiana nelle operazioni di peacekeeping, condotte con equilibrio, professionalit\u00e0, imparzialit\u00e0, diplomazia, efficacia, credibilit\u00e0 e rispetto\u201d.<\/p>\n<p>La missione della Brigata \u201cTaurinense\u201d \u00e8 stata caratterizzata dalla condivisione di un progetto comune realizzato attraverso il dialogo con la popolazione e le sue istituzioni.<\/p>\n<p>Il consenso \u00e8 stato alla base di ogni attivit\u00e0 condotta dagli alpini del contingente italiano grazie ai quali \u00e8 stata incrementata l\u2019efficacia delle attivit\u00e0 operative per il mantenimento della stabilit\u00e0 dell\u2019area e la fiducia della popolazione libanese nei confronti di Unifil.<\/p>\n<p>Nel sottolineare i tratti distintivi della missione, il generale Graziano si \u00e8 rivolto ai \u201cDimonios\u201d, definendoli \u201csoldati molto apprezzati per il coraggio e la determinazione. La forte coesione della vostra Brigata \u00e8 stato sempre un fattore determinante per il successo delle operazioni in Patria e nelle numerose missioni di pace all\u2019estero\u201d.<\/p>\n<p>La Brigata \u201cSassari\u201d, alla sua prima missione in Libano con i colori delle Nazioni Unite, assume il comando del settore Ovest di Unifil in cui operano 3.700 \u201ccaschi blu\u201d di 12 nazioni.<\/p>\n<p>Del contingente multinazionale fanno parte 1.000 militari italiani, met\u00e0 dei quali appartenenti alla Brigata \"Sassari\".<\/p>\n","protected":false},"excerpt":{"rendered":"<p>Shama (Libano), 18 Apr 2016 \u2013 La Brigata \u201cSassari\u201d \u00e8 subentrata alla Brigata alpina \u201cTaurinense\u201d al comando dell\u2019operazione \u201cLeonte\u201d nell\u2019ambito della missione Unifil (United Nations&#8230;<\/p>\n","protected":false},"author":2,"featured_media":125898,"comment_status":"closed","ping_status":"closed","sticky":false,"template":"","format":"standard","meta":[],"categories":[49,51,53],"tags":[],"_links":{"self":[{"href":"https:\/\/www.cronacaonline.it\/index.php\/wp-json\/wp\/v2\/posts\/125895"}],"collection":[{"href":"https:\/\/www.cronacaonline.it\/index.php\/wp-json\/wp\/v2\/posts"}],"about":[{"href":"https:\/\/www.cronacaonline.it\/index.php\/wp-json\/wp\/v2\/types\/post"}],"author":[{"embeddable":true,"href":"https:\/\/www.cronacaonline.it\/index.php\/wp-json\/wp\/v2\/users\/2"}],"replies":[{"embeddable":true,"href":"https:\/\/www.cronacaonline.it\/index.php\/wp-json\/wp\/v2\/comments?post=125895"}],"version-history":[{"count":0,"href":"https:\/\/www.cronacaonline.it\/index.php\/wp-json\/wp\/v2\/posts\/125895\/revisions"}],"wp:featuredmedia":[{"embeddable":true,"href":"https:\/\/www.cronacaonline.it\/index.php\/wp-json\/wp\/v2\/media\/125898"}],"wp:attachment":[{"href":"https:\/\/www.cronacaonline.it\/index.php\/wp-json\/wp\/v2\/media?parent=125895"}],"wp:term":[{"taxonomy":"category","embeddable":true,"href":"https:\/\/www.cronacaonline.it\/index.php\/wp-json\/wp\/v2\/categories?post=125895"},{"taxonomy":"post_tag","embeddable":true,"href":"https:\/\/www.cronacaonline.it\/index.php\/wp-json\/wp\/v2\/tags?post=125895"}],"curies":[{"name":"wp","href":"https:\/\/api.w.org\/{rel}","templated":true}]}}