{"id":125822,"date":"2016-04-16T11:39:25","date_gmt":"2016-04-16T09:39:25","guid":{"rendered":"http:\/\/www.cronacaonline.it\/public\/content\/?p=125822"},"modified":"2016-04-16T11:39:25","modified_gmt":"2016-04-16T09:39:25","slug":"papa-francesco-q-lesbo-i-profughi-non-sono-numeri-sono-persone","status":"publish","type":"post","link":"https:\/\/www.cronacaonline.it\/index.php\/2016\/04\/16\/papa-francesco-q-lesbo-i-profughi-non-sono-numeri-sono-persone\/","title":{"rendered":"Papa Francesco q Lesbo: &#8220;i profughi non sono numeri, sono persone&#8221;"},"content":{"rendered":"<p>Lesbo (Grecia), 16 Apr 2016 - Lo scopo principale del viaggio di Papa Francesco a Lesbo e' quello di \"portare conforto a tanti profughi\". Lo afferma lo stesso Pontefice nel messaggio a Sergio Mattarella inviato \"nel lasciare il suolo italiano per recarmi in Grecia\". Nel testo il Papa formula l'auspicio che \"il popolo italiano possa affrontare con lungimiranza e solidaret\u00e0 le sfide dei nostri giorni\". E conclude: \"mi e' particolarmente gradito rivolgere a lei, signor Presidente, il mio deferente saluto, che accompagno con fervida preghiera e pensiero benedicente\". Il capo dello Stato ha risposto al Pontefice con un messaggio di \"sincero ringraziamento\" per le sue parole.\u00a0\"Il dramma delle migrazioni, in particolare nel bacino del Mediterraneo, e la tragica quotidiana realt\u00e0 che caratterizza le vite di quanti sono costretti ad abbandonare i propri affetti, il proprio Paese, le proprie case, per fuggire da guerre, persecuzioni e povert\u00e0- ha scritto Matterella-\u00a0\u00a0toccano nel profondo la coscienza dell'Italia e della comunit\u00e0 internazionale.<\/p>\n<p>Papa Francesco \u00e8 partito per la visita-lampo nell'isola greca a bordo di un Airbus A-320 di Alitalia, e decollato alle 7,17 dall'aeroporto di Fiumicino. \"I profughi non sono numeri, sono\u00a0persone: sono volti, nomi, storie, e come tali vanno trattati\" ha twittato\u00a0dall'aereo poco dopo la partenza. Alle 10.20 l'arrivo all'aeroporto di Mitylene, dopo circa 2 ore e 20 minuti di volo. Il rientro del pontefice a Roma \u00e8 previsto alle 16,30 all'aeroporto militare di Ciampino.<\/p>\n<p>Ad accoglierlo a Mitylene,\u00a0il premier greco Alexis Tsipras che accompagner\u00e0 il pontefice e i patriarchi ortodossi, Bartolomeo e Hieronimos, in questa visita umanitaria.<\/p>\n<p>\"Sia gli abitanti delle nostre isole sia tutto il popolo greco, nonostante le difficolt\u00e0 le grosse difficolt\u00e0 che hanno provato con l'austerit\u00e0, hanno mostrato la loro solidariet\u00e0\", ha detto il premier greco Alexis Tsipras nei primi momenti del colloquio privato con papa Francesco all'aeroporto internazionale di Mytilene. \"Sono molto orgoglioso - ha aggiunto Tsipras - dal momento che alcuni, a nome dell'Europa cristiana, hanno creato dei muri impedendo il passaggio di persone deboli\". \"Quindi la voglia ringraziare - ha detto ancora - perch\u00e9 la sua visita \u00e8 storica per noi e le d\u00f2 il benvenuto\".<\/p>\n<p>Francesco, giunto in pullmino con il patriarca ecumenico Bartolomeo e l'arcivescovo ortodosso di Atene, ha stretto le mani a uno per uno dei 150 minorenni ospiti del campo: qualche foto con iphone, una bandiera israeliana, ancora applausi, cori, \"welcome\", e anche un giovane che ha battuto la mano sul capo a mo' di saluto militare. Con un gruppo di donne con il velo islamico, Francesco si \u00e8 inchinato senza dare la mano\u00a0in segno di rispetto. Il Papa ha poi baciato alcuni bambini, mentre il patriarca Bartolomeo ha distribuito qualche caramella, e\u00a0ha salutato alcuni volontari del campo.<\/p>\n<p>Papa Francesco torner\u00e0 in Vaticano insieme a 10 rifugiati\u00a0in condizioni pi\u00f9 vulnerabili - otto siriani e due afghani - rimasti bloccati sull'isola greca di Lesbo. Lo riferisce la televisione greca Ert aggiungendo che questa azione simbolica di Bergoglio viene interpretata come una manifestazione di insoddisfazione per la chiusura delle frontiere, ma anche come un segnale ai leader europei.<\/p>\n<p>\"Il Papa \u00e8 in Grecia per incontrare gli immigrati: '\u00c8 la catastrofe pi\u00f9 grande dopo la Seconda Guerra Mondiale'. Con tutto il rispetto, sbaglia. Mi sembra che la catastrofe avvenga in Italia, non in Grecia\". Cos\u00ec il segretario della Lega Nord Matteo Salvini su Facebook commenta le parole del Papa a Lesbo, isola dei migranti. \"Trecentomila reati commessi da immigrati (dati 2014), il 40% degli stupri e il 75% dello spaccio a carico di immigrati, 20mila immigrati nelle carceri italiane e 120mila (oltre il 60% clandestini) in case e alberghi. Intanto 1.400.000 bambini in Italia vivono sotto la soglia di povert\u00e0 assoluta\", elenca.<\/p>\n<p>Cuore della giornata, la visita al Moria Refugee Camp, il campo profughi che ospita circa 2.500 richiedenti asilo, provenienti soprattutto dalla Siria, ma anche da altri paesi del Medio Oriente, come Afghanistan e Iraq. Il Papa e i due Patriarchi incontreranno personalmente una rappresentanza dei profughi e pranzeranno in un container con alcuni di loro. \u00c8 previsto un discorso dei tre leader religiosi e la firma di una dichiarazione congiunta.<\/p>\n<p>Alle 13.45 il Papa, sempre con i due Patriarchi, si trasferir\u00e0 al porto per incontrare la cittadinanza. Qui pronuncer\u00e0 un altro discorso. Al termine ci sar\u00e0 una breve preghiera e il lancio in mare di corone di alloro in ricordo dei migranti morti nella loro fuga verso l'Europa. La visita terminer\u00e0 alle 15.15 con la partenza dall'aeroporto; l'arrivo del Papa a Roma Ciampino \u00e8 in agenda per le 16.30.<\/p>\n","protected":false},"excerpt":{"rendered":"<p>Lesbo (Grecia), 16 Apr 2016 &#8211; Lo scopo principale del viaggio di Papa Francesco a Lesbo e&#8217; quello di &#8220;portare conforto a tanti profughi&#8221;. Lo&#8230;<\/p>\n","protected":false},"author":2,"featured_media":125823,"comment_status":"closed","ping_status":"closed","sticky":false,"template":"","format":"standard","meta":[],"categories":[49,50],"tags":[],"_links":{"self":[{"href":"https:\/\/www.cronacaonline.it\/index.php\/wp-json\/wp\/v2\/posts\/125822"}],"collection":[{"href":"https:\/\/www.cronacaonline.it\/index.php\/wp-json\/wp\/v2\/posts"}],"about":[{"href":"https:\/\/www.cronacaonline.it\/index.php\/wp-json\/wp\/v2\/types\/post"}],"author":[{"embeddable":true,"href":"https:\/\/www.cronacaonline.it\/index.php\/wp-json\/wp\/v2\/users\/2"}],"replies":[{"embeddable":true,"href":"https:\/\/www.cronacaonline.it\/index.php\/wp-json\/wp\/v2\/comments?post=125822"}],"version-history":[{"count":0,"href":"https:\/\/www.cronacaonline.it\/index.php\/wp-json\/wp\/v2\/posts\/125822\/revisions"}],"wp:featuredmedia":[{"embeddable":true,"href":"https:\/\/www.cronacaonline.it\/index.php\/wp-json\/wp\/v2\/media\/125823"}],"wp:attachment":[{"href":"https:\/\/www.cronacaonline.it\/index.php\/wp-json\/wp\/v2\/media?parent=125822"}],"wp:term":[{"taxonomy":"category","embeddable":true,"href":"https:\/\/www.cronacaonline.it\/index.php\/wp-json\/wp\/v2\/categories?post=125822"},{"taxonomy":"post_tag","embeddable":true,"href":"https:\/\/www.cronacaonline.it\/index.php\/wp-json\/wp\/v2\/tags?post=125822"}],"curies":[{"name":"wp","href":"https:\/\/api.w.org\/{rel}","templated":true}]}}