{"id":125812,"date":"2016-04-15T18:04:46","date_gmt":"2016-04-15T16:04:46","guid":{"rendered":"http:\/\/www.cronacaonline.it\/public\/content\/?p=125812"},"modified":"2016-04-15T18:04:46","modified_gmt":"2016-04-15T16:04:46","slug":"inps-congedo-per-le-donne-vittime-di-violenza-di-genere","status":"publish","type":"post","link":"https:\/\/www.cronacaonline.it\/index.php\/2016\/04\/15\/inps-congedo-per-le-donne-vittime-di-violenza-di-genere\/","title":{"rendered":"Inps &#8211; Congedo per le donne vittime di violenza di genere"},"content":{"rendered":"<p><strong>Roma, 15 Apr 2016 - \u00c8 stata pubblicata oggi dall\u2019Inps la circolare n. 65 sul<\/strong> Congedo indennizzato per le donne vittime di violenza di genere previsto dall\u2019art. 24 del decreto legislativo n. 80 del 15 giugno 2015. L\u2019Inps eroga l\u2019indennit\u00e0 alle lavoratrici dipendenti vittime di violenza di genere del settore privato, escluse le lavoratrici addette ai servizi domestici e familiari. Per fruire del congedo e dell\u2019indennit\u00e0 occorre avere un rapporto di lavoro in corso di svolgimento, ed essere inserite nei percorsi certificati dai servizi sociali del Comune di appartenenza, dai Centri antiviolenza o dalle Case Rifugio. Il congedo spetta per un periodo massimo di 3 mesi (90 giorni di astensione effettiva dall\u2019attivit\u00e0 lavorativa); tale periodo va fruito entro i 3 anni dalla data di inizio del percorso di protezione certificato.<\/p>\n<p>Il congedo pu\u00f2 essere goduto in coincidenza di giornate nelle quali \u00e8 previsto lo svolgimento della prestazione lavorativa (con esclusione quindi dei giorni festivi, dei periodi di sospensione dell\u2019attivit\u00e0 lavorativa o dei periodi di aspettativa e dei giorni successivi alla data di cessazione del rapporto di lavoro). Pu\u00f2 essere fruito in modalit\u00e0 giornaliera o oraria, secondo le modalit\u00e0 stabilite dai contratti collettivi nazionali stipulati dalle organizzazioni pi\u00f9 rappresentative. Per le giornate di congedo utilizzate per svolgere i percorsi di protezione \u00e8 corrisposta un\u2019indennit\u00e0 giornaliera pari al 100% dell\u2019ultima retribuzione. In caso di fruizione oraria, l\u2019indennit\u00e0 \u00e8 pagata in misura pari alla met\u00e0 dell\u2019indennit\u00e0 giornaliera.<\/p>\n<p>L\u2019indennit\u00e0 \u00e8 anticipata dal datore di lavoro, salvo conguaglio, secondo le modalit\u00e0 previste per le indennit\u00e0 di maternit\u00e0. E\u2019 corrisposta direttamente dall\u2019Istituto alle lavoratrici per le quali \u00e8 previsto il pagamento diretto delle indennit\u00e0 di maternit\u00e0. Le lavoratrici che hanno gi\u00e0 usufruito di periodi di congedo dall\u2019entrata in vigore della riforma (25 giugno 2015) ad oggi, presentano una domanda anche per tali periodi, in modo da consentire la verifica dei conguagli eventualmente gi\u00e0 effettuati.<\/p>\n","protected":false},"excerpt":{"rendered":"<p>Roma, 15 Apr 2016 &#8211; \u00c8 stata pubblicata oggi dall\u2019Inps la circolare n. 65 sul Congedo indennizzato per le donne vittime di violenza di genere&#8230;<\/p>\n","protected":false},"author":2,"featured_media":2027,"comment_status":"closed","ping_status":"closed","sticky":false,"template":"","format":"standard","meta":[],"categories":[49,51,53],"tags":[],"_links":{"self":[{"href":"https:\/\/www.cronacaonline.it\/index.php\/wp-json\/wp\/v2\/posts\/125812"}],"collection":[{"href":"https:\/\/www.cronacaonline.it\/index.php\/wp-json\/wp\/v2\/posts"}],"about":[{"href":"https:\/\/www.cronacaonline.it\/index.php\/wp-json\/wp\/v2\/types\/post"}],"author":[{"embeddable":true,"href":"https:\/\/www.cronacaonline.it\/index.php\/wp-json\/wp\/v2\/users\/2"}],"replies":[{"embeddable":true,"href":"https:\/\/www.cronacaonline.it\/index.php\/wp-json\/wp\/v2\/comments?post=125812"}],"version-history":[{"count":0,"href":"https:\/\/www.cronacaonline.it\/index.php\/wp-json\/wp\/v2\/posts\/125812\/revisions"}],"wp:featuredmedia":[{"embeddable":true,"href":"https:\/\/www.cronacaonline.it\/index.php\/wp-json\/wp\/v2\/media\/2027"}],"wp:attachment":[{"href":"https:\/\/www.cronacaonline.it\/index.php\/wp-json\/wp\/v2\/media?parent=125812"}],"wp:term":[{"taxonomy":"category","embeddable":true,"href":"https:\/\/www.cronacaonline.it\/index.php\/wp-json\/wp\/v2\/categories?post=125812"},{"taxonomy":"post_tag","embeddable":true,"href":"https:\/\/www.cronacaonline.it\/index.php\/wp-json\/wp\/v2\/tags?post=125812"}],"curies":[{"name":"wp","href":"https:\/\/api.w.org\/{rel}","templated":true}]}}