{"id":125788,"date":"2016-04-15T11:45:43","date_gmt":"2016-04-15T09:45:43","guid":{"rendered":"http:\/\/www.cronacaonline.it\/public\/content\/?p=125788"},"modified":"2016-04-15T11:45:43","modified_gmt":"2016-04-15T09:45:43","slug":"comune-di-cagliari-annuncia-che-da-lunedi-18-aprile-prossimo-verra-sospesa-la-consegna-dei-sacchetti-per-i-rifiuti","status":"publish","type":"post","link":"https:\/\/www.cronacaonline.it\/index.php\/2016\/04\/15\/comune-di-cagliari-annuncia-che-da-lunedi-18-aprile-prossimo-verra-sospesa-la-consegna-dei-sacchetti-per-i-rifiuti\/","title":{"rendered":"Comune di Cagliari annuncia che da luned\u00ec 18 aprile prossimo verr\u00e0 sospesa la consegna dei sacchetti per i rifiuti"},"content":{"rendered":"<p>Cagliari, 15 Apr 2016 - Verr\u00e0 sospesa luned\u00ec 18 aprile la consegna dei sacchetti per la raccolta dei rifiuti. Il personale che riceve gli utenti nella sede comunale di via Ampere \u00e8 destinato, in quella giornata, alle operazioni connesse al referendum abrogativo di domenica 17 aprile.<br \/>\nIl servizio verr\u00e0 ripreso regolarmente da marted\u00ec 19 e si svolger\u00e0 (esclusi i giorni festivi) con i consueti orari:<br \/>\nMattina: \u00a0dal luned\u00ec al venerd\u00ec,\u00a0 dalle 9.00 alle12.00<br \/>\nPomeriggio: luned\u00ec e marted\u00ec, dalle 15.00 alle 17.00.<br \/>\nIl kit verr\u00e0 consegnato agli intestatari dell'utenza Tari o a un delegato che presenti un documento di identit\u00e0 dell'intestatario.<\/p>\n","protected":false},"excerpt":{"rendered":"<p>Cagliari, 15 Apr 2016 &#8211; Verr\u00e0 sospesa luned\u00ec 18 aprile la consegna dei sacchetti per la raccolta dei rifiuti. Il personale che riceve gli utenti&#8230;<\/p>\n","protected":false},"author":2,"featured_media":22701,"comment_status":"closed","ping_status":"closed","sticky":false,"template":"","format":"standard","meta":[],"categories":[49,53],"tags":[],"_links":{"self":[{"href":"https:\/\/www.cronacaonline.it\/index.php\/wp-json\/wp\/v2\/posts\/125788"}],"collection":[{"href":"https:\/\/www.cronacaonline.it\/index.php\/wp-json\/wp\/v2\/posts"}],"about":[{"href":"https:\/\/www.cronacaonline.it\/index.php\/wp-json\/wp\/v2\/types\/post"}],"author":[{"embeddable":true,"href":"https:\/\/www.cronacaonline.it\/index.php\/wp-json\/wp\/v2\/users\/2"}],"replies":[{"embeddable":true,"href":"https:\/\/www.cronacaonline.it\/index.php\/wp-json\/wp\/v2\/comments?post=125788"}],"version-history":[{"count":0,"href":"https:\/\/www.cronacaonline.it\/index.php\/wp-json\/wp\/v2\/posts\/125788\/revisions"}],"wp:featuredmedia":[{"embeddable":true,"href":"https:\/\/www.cronacaonline.it\/index.php\/wp-json\/"}],"wp:attachment":[{"href":"https:\/\/www.cronacaonline.it\/index.php\/wp-json\/wp\/v2\/media?parent=125788"}],"wp:term":[{"taxonomy":"category","embeddable":true,"href":"https:\/\/www.cronacaonline.it\/index.php\/wp-json\/wp\/v2\/categories?post=125788"},{"taxonomy":"post_tag","embeddable":true,"href":"https:\/\/www.cronacaonline.it\/index.php\/wp-json\/wp\/v2\/tags?post=125788"}],"curies":[{"name":"wp","href":"https:\/\/api.w.org\/{rel}","templated":true}]}}