{"id":125439,"date":"2016-04-08T17:03:30","date_gmt":"2016-04-08T15:03:30","guid":{"rendered":"http:\/\/www.cronacaonline.it\/public\/content\/?p=125439"},"modified":"2016-04-08T17:03:30","modified_gmt":"2016-04-08T15:03:30","slug":"una-nuova-avventura-per-radio-internazionale-da-oggi-si-fa-la-radio-alla-radio","status":"publish","type":"post","link":"https:\/\/www.cronacaonline.it\/index.php\/2016\/04\/08\/una-nuova-avventura-per-radio-internazionale-da-oggi-si-fa-la-radio-alla-radio\/","title":{"rendered":"Una nuova avventura per Radio Internazionale: da oggi si fa la radio alla radio."},"content":{"rendered":"<p>Olbia, 8 Apr 2016 - Si \u00e8 conclusa positivamente l'avventura al Centro Commerciale Gallura. Sono stati sei mesi fantastici, vissuti intensamente. Per la prima volta una radio, in Sardegna, ha lasciato i suoi studi per trasferirsi in un centro commerciale, per definizione un \"non luogo\", ovvero un luogo\" senza identit\u00e0, anonimo e privo di rapporti umani\". \u00a0La radio, mezzo vivace, di carattere e di chiara identit\u00e0 ha annullato ogni idea del centro commerciale. Cos\u00ec gli studi colorati e accoglienti sono stati luogo ideale per incontri di arte, cultura, poesia, politica, sport. Sono stati il luogo perfetto per accogliere 12 Collettive d'arte curate splendidamente da Ana Maria Serna.<\/p>\n<p>La presenza di Elena Mascia, Monica Bertoldo, Francesco Gambella, Augusto Ditel, Paolo Masala, Anna Maria Massimetti, Mario Rama, Giovanni Budroni e lo staff di Radio Internazionale Maria, Ranieri e Giuseppe), ha caratterizzato i pomeriggi al Centro con ospiti sempre speciali dei quali \u00e8 rimasta traccia indelebile sul prezioso libro degli ospiti.<\/p>\n<p>Da Salmo a Tony Esposito, fino ai racconti da brivido di Andrea, uomo maltrattante (CAM), e alla dolcezza di tante mamme coraggio.\u00a0\u00a0 La sede in vetrina ha accolto anche il Console del Messico a Milano Maristela Morales, giunto appositamente ad Olbia per gratificare il lavoro di Ana Maria Serna, pittrice Messicana, curatrice delle tante collettive realizzate nella sede.<\/p>\n<p>L'avventura si \u00e8 conclusa, ma per Radio Internazionale si aprono nuovi capitoli: un restyling completo della sede storica ha reso la struttura ancora pi\u00f9 affascinante e intrigante.<\/p>\n<p>Le programmazioni sono riprese dalla sede centrale con colori, arredi e migliorie tecniche che permetteranno agli ospiti di vivere l'esperienza unica di una partecipazione alla radio, quella vera, quella con i vetri che separano le stanze, quella che permette di immaginare, fantasticare e sognare.<\/p>\n<p>Da luned\u00ec 11 Aprile si comincia con le prime novit\u00e0: la radio sar\u00e0 punto di riferimento per due importanti scuole cittadine il Liceo Gramsci e il liceo Mossa di Olbia, ospitandone gli studenti impegnati nell'attivit\u00e0 di formazione e orientamento del percorso in alternanza scuola lavoro.\u00a0 Tanti giovani studenti scopriranno il piacere di vivere un mestiere particolare come quello dello speaker, del fonico, del giornalista. Per loro anche spazi dedicati alla dizione, all'intrattenimento alla comunicazione in tutte le sue forme.<\/p>\n<p>Il palinsesto di Radio Internazionale subir\u00e0 qualche piccola variazione, rimanendo sostanzialmente lo stesso.<\/p>\n<p>Fra le novit\u00e0 pi\u00f9 imminenti \" La voce del quartiere \" un programma settimanale (mercoled\u00ec alle ore 11.30) dedicato, di volta in volta, ai quartieri di Olbia. Si comincer\u00e0 mercoled\u00ec 13 aprile con in studio i presidenti di tutti i quartieri cittadini. Per la prima volta la citt\u00e0 potr\u00e0 raccontare di se in modo cos\u00ec diretto.<\/p>\n<p>Continua l'impegno sul fronte della politica: Scanner il programma curato da Augusto Ditel continuer\u00e0 ad incontrare i protagonisti della sempre pi\u00f9 accesa campagna elettorale.<\/p>\n<p>Francesco Gambella, recordman e testimonial di Amref, si prepara per una puntata speciale programmata verso la fine del mese con in studio due suoi colleghi testimonial di Amref Giobbe Covatta e Enzo Iacchetti.<\/p>\n<p>Elena Mascia e Monica Bertoldo artefici di Civico 4 On air, si preparano per una nuova serie di appuntamenti sempre dedicati al sociale, alla cultura e alla musica.<\/p>\n<p>Paolo Masala, il pi\u00f9 giovane fra tutti gli amici di Radio Internazionale (82 anni portati con la grinta di un ragazzo) incontrer\u00e0 tanti talenti musicali.<\/p>\n","protected":false},"excerpt":{"rendered":"<p>Olbia, 8 Apr 2016 &#8211; Si \u00e8 conclusa positivamente l&#8217;avventura al Centro Commerciale Gallura. Sono stati sei mesi fantastici, vissuti intensamente. Per la prima volta&#8230;<\/p>\n","protected":false},"author":2,"featured_media":125440,"comment_status":"closed","ping_status":"closed","sticky":false,"template":"","format":"standard","meta":[],"categories":[49,54],"tags":[],"_links":{"self":[{"href":"https:\/\/www.cronacaonline.it\/index.php\/wp-json\/wp\/v2\/posts\/125439"}],"collection":[{"href":"https:\/\/www.cronacaonline.it\/index.php\/wp-json\/wp\/v2\/posts"}],"about":[{"href":"https:\/\/www.cronacaonline.it\/index.php\/wp-json\/wp\/v2\/types\/post"}],"author":[{"embeddable":true,"href":"https:\/\/www.cronacaonline.it\/index.php\/wp-json\/wp\/v2\/users\/2"}],"replies":[{"embeddable":true,"href":"https:\/\/www.cronacaonline.it\/index.php\/wp-json\/wp\/v2\/comments?post=125439"}],"version-history":[{"count":0,"href":"https:\/\/www.cronacaonline.it\/index.php\/wp-json\/wp\/v2\/posts\/125439\/revisions"}],"wp:featuredmedia":[{"embeddable":true,"href":"https:\/\/www.cronacaonline.it\/index.php\/wp-json\/wp\/v2\/media\/125440"}],"wp:attachment":[{"href":"https:\/\/www.cronacaonline.it\/index.php\/wp-json\/wp\/v2\/media?parent=125439"}],"wp:term":[{"taxonomy":"category","embeddable":true,"href":"https:\/\/www.cronacaonline.it\/index.php\/wp-json\/wp\/v2\/categories?post=125439"},{"taxonomy":"post_tag","embeddable":true,"href":"https:\/\/www.cronacaonline.it\/index.php\/wp-json\/wp\/v2\/tags?post=125439"}],"curies":[{"name":"wp","href":"https:\/\/api.w.org\/{rel}","templated":true}]}}