{"id":125432,"date":"2016-04-08T15:35:06","date_gmt":"2016-04-08T13:35:06","guid":{"rendered":"http:\/\/www.cronacaonline.it\/public\/content\/?p=125432"},"modified":"2016-04-08T15:35:06","modified_gmt":"2016-04-08T13:35:06","slug":"le-antiche-zone-di-cagliari-viste-e-ancora-ammirate-dai-cittadini","status":"publish","type":"post","link":"https:\/\/www.cronacaonline.it\/index.php\/2016\/04\/08\/le-antiche-zone-di-cagliari-viste-e-ancora-ammirate-dai-cittadini\/","title":{"rendered":"Le antiche zone di Cagliari viste e ancora ammirate dai cittadini."},"content":{"rendered":"<p>Risiedo a Villanova, quartiere storico di Cagliari, da pi\u00f9 di trent'anni. L'ho frequentata anche prima, per obblighi scolastici o per lavoro. Se dovessi dare un impressione che la caratterizzi, rimarrei legata a sensazioni di luce e odori che, nonostante il passare degli anni, non hanno cambiato d'intensit\u00e0. \u00c8 descrivibile solo per riconoscimento e solo per chi come me, questo quartiere lo ha percorso per lungo tempo. Ho conosciuto gli anni della semplicit\u00e0, fatti di botteghe artigiane e commerciali, dimenticate sempre pi\u00f9 da una concreta economica predominante che succhia avventori. Poi la ZTL che ha sferrato l'ultimo colpo alle attivit\u00e0 produttive gi\u00e0 agonizzanti e che in qualche modo giustificheranno la loro emarginazione economica con la parolina magica usata come scudo: \u201cla crisi\u201d.<\/p>\n<p><img loading=\"lazy\" class=\"size-medium wp-image-125460 alignleft\" src=\"https:\/\/www.cronacaonline.it\/wp-content\/uploads\/2016\/04\/foto-panorama-quartiere-villanova-cagliari2-1-300x225.jpg\" alt=\"foto panorama quartiere villanova cagliari2\" width=\"300\" height=\"225\" srcset=\"https:\/\/www.cronacaonline.it\/wp-content\/uploads\/2016\/04\/foto-panorama-quartiere-villanova-cagliari2-1-300x225.jpg 300w, https:\/\/www.cronacaonline.it\/wp-content\/uploads\/2016\/04\/foto-panorama-quartiere-villanova-cagliari2-1.jpg 600w\" sizes=\"(max-width: 300px) 100vw, 300px\" \/>Poi i nuovi insediamenti. Giovani coppie, ma anche single con nuove professionalit\u00e0, poi extracomunitari e bambini, tantissimi bambini, che anche solo per il transito obbligato dalla frequenza scolastica, muovono un traffico troppo forte per delle vie cos\u00ec strette e delle abitazioni cos\u00ec basse. Di Villanova storica ancora qualche anziano, ma delle antiche attivit\u00e0, ormai, quasi pi\u00f9 nulla. Poi \u00e8 successo qualcosa. Un gruppo di amici, intorno ad una bottiglia di birra e idee in libert\u00e0 hanno deciso: \u201cquesto quartiere sono anch'io e posso far accadere momenti di festa coinvolgendo i miei vicini. Cos\u00ec sono iniziate attivit\u00e0 a cadenza regolare: al suono della campana delle dodici, la domenica si possono sentire da un balcone, a seguire, la voce di una cantante lirica o il suono di una fisarmonica, forse al civico 10 della piazza o forse nel vicolo pi\u00f9 in su al 17. Gli stessi balconi diventano protagonisti a colore di fioriture primaverili e poi immagini, scatti e riprese fatte da mani esperte e meno, per fissare questi cambiamenti e che non vadano pi\u00f9 via, per favore. Curiosit\u00e0, intelligenza e gioia \u00e8 la corrente che acchiappa anche i pi\u00f9 pigri o disattenti.\u00a0 La mia Villanova vuole far parlare di s\u00e9 ed \u00e8 pronta ad esplorare nuove proposte, anche bizzarre. Vuole far incontrare la sua gente all'insegna dell'arte, in ogni sua forma. Sar\u00e0 l'arte e le piccole comunit\u00e0 che salveranno il mondo? Non lo so, ma certo \u00e8 che d\u00e0 pi\u00f9 soddisfazione di un voto imbucato nell'urna. Ormai il meccanismo si \u00e8 sbloccato. Questa \u00e8 vita, anzi questa \u00e8 qualit\u00e0 di vita. E' la stessa che si porta a presso desideri e pensieri, propositi e obiettivi. Lascia il tempo giusto alla mente appagata di prendere il sopravvento sulle cose inutili, disintossica dal consumo spietato e aiuta a metabolizzare quanto di noi \u00e8 restato sociale e umano. L'aspetto eccezionale di queste attivit\u00e0 \u00e8 che amano restare libere. Una scheggia impazzita di buon senso politico direi. Villanova ha sprigionato nuove energie alla ricerca della riunione di una comunit\u00e0 frammentata e distratta e senza cambiare la sua luce, n\u00e9 i suoi odori perch\u00e9 questa \u00e8 la sua vera natura.<\/p>\n<p>di <strong>Caterina Tosi<\/strong><\/p>\n<p><a href=\"https:\/\/www.facebook.com\/Suono-al-civico-1516854251905707\/?fref=ts\">https:\/\/www.facebook.com\/Suono-al-civico-1516854251905707\/?fref=ts<\/a><\/p>\n<p><a href=\"https:\/\/www.facebook.com\/Balconi-fioriti-a-Villanova-1388152644834420\/?fref=ts\">https:\/\/www.facebook.com\/Balconi-fioriti-a-Villanova-1388152644834420\/?fref=ts<\/a><\/p>\n<p><a href=\"https:\/\/www.facebook.com\/Contest-fotografico-Villanova-786007074836701\/?fref=ts\">https:\/\/www.facebook.com\/Contest-fotografico-Villanova-786007074836701\/?fref=ts<\/a><\/p>\n<p>&nbsp;<\/p>\n","protected":false},"excerpt":{"rendered":"<p>Risiedo a Villanova, quartiere storico di Cagliari, da pi\u00f9 di trent&#8217;anni. L&#8217;ho frequentata anche prima, per obblighi scolastici o per lavoro. Se dovessi dare un&#8230;<\/p>\n","protected":false},"author":2,"featured_media":125462,"comment_status":"closed","ping_status":"closed","sticky":false,"template":"","format":"standard","meta":[],"categories":[49,54],"tags":[],"_links":{"self":[{"href":"https:\/\/www.cronacaonline.it\/index.php\/wp-json\/wp\/v2\/posts\/125432"}],"collection":[{"href":"https:\/\/www.cronacaonline.it\/index.php\/wp-json\/wp\/v2\/posts"}],"about":[{"href":"https:\/\/www.cronacaonline.it\/index.php\/wp-json\/wp\/v2\/types\/post"}],"author":[{"embeddable":true,"href":"https:\/\/www.cronacaonline.it\/index.php\/wp-json\/wp\/v2\/users\/2"}],"replies":[{"embeddable":true,"href":"https:\/\/www.cronacaonline.it\/index.php\/wp-json\/wp\/v2\/comments?post=125432"}],"version-history":[{"count":0,"href":"https:\/\/www.cronacaonline.it\/index.php\/wp-json\/wp\/v2\/posts\/125432\/revisions"}],"wp:featuredmedia":[{"embeddable":true,"href":"https:\/\/www.cronacaonline.it\/index.php\/wp-json\/wp\/v2\/media\/125462"}],"wp:attachment":[{"href":"https:\/\/www.cronacaonline.it\/index.php\/wp-json\/wp\/v2\/media?parent=125432"}],"wp:term":[{"taxonomy":"category","embeddable":true,"href":"https:\/\/www.cronacaonline.it\/index.php\/wp-json\/wp\/v2\/categories?post=125432"},{"taxonomy":"post_tag","embeddable":true,"href":"https:\/\/www.cronacaonline.it\/index.php\/wp-json\/wp\/v2\/tags?post=125432"}],"curies":[{"name":"wp","href":"https:\/\/api.w.org\/{rel}","templated":true}]}}