{"id":125355,"date":"2016-04-07T11:27:55","date_gmt":"2016-04-07T09:27:55","guid":{"rendered":"http:\/\/www.cronacaonline.it\/public\/content\/?p=125355"},"modified":"2016-04-07T11:27:55","modified_gmt":"2016-04-07T09:27:55","slug":"trivellopoli-inchiesta-petrolio-spuntano-nuove-intercettazioni-ex-ministro-guidi-oggi-dai-pm-chiariro-tutto","status":"publish","type":"post","link":"https:\/\/www.cronacaonline.it\/index.php\/2016\/04\/07\/trivellopoli-inchiesta-petrolio-spuntano-nuove-intercettazioni-ex-ministro-guidi-oggi-dai-pm-chiariro-tutto\/","title":{"rendered":"Trivellopoli &#8211; Inchiesta petrolio: spuntano nuove intercettazioni. Ex ministro Guidi oggi dai PM: &#8220;chiarir\u00f2 tutto&#8221;"},"content":{"rendered":"<p>Potenza, 7 Apr 2016 - Si focalizza sulle nuove intercettazioni e sull'arrivo a Potenza\u00a0dell'ex ministra dello Sviluppo economico, Federica Guidi -\u00a0oggi, in tarda mattinata, in Procura, al quarto piano del\u00a0Palazzo di Giustizia - l'inchiesta sulle estrazioni petrolifere\u00a0in Basilicata. A sette giorni dalle dimissioni dal Governo, la\u00a0Guidi (che non \u00e8 indagata) sar\u00e0 ascoltata da persona informata\u00a0sui fatti. Lei, dalla sua casa di Castelnuovo Rangone, nel\u00a0modenese, \u00e8 apparsa \"pronta all'incontro. E' serena e sta\u00a0rileggendo alcuni atti ministeriali per fornire con precisione\u00a0ogni chiarimento ai magistrati\", hanno fatto sapere fonti vicine\u00a0all'ex ministro.<\/p>\n<p>Guidi a Gemelli: \"Non sono una sguattera\" sultano... mi sono rotta... a 46 anni... tu siccome stai con me e hai un figlio con me, mi tratti come una sguattera del Guatemala\": \u00e8 questo uno dei passaggi delle intercettazioni - pubblicate da alcuni giornali, tra i quali il Corriere della Sera, La Repubblica, La Stampa. Il Messaggero - in cui l'ex ministra dello Sviluppo economico Federica Guidi si rivolge al compagno Gianluca Gemelli, indagato nell'inchiesta sul petrolio in Basilicata.<\/p>\n<p>In una conversazione con Gemelli, l'ex funzionario della Ragioneria di Stato e poi consulente del ministero dello Sviluppo economico, Valter Pastena, fa riferimento a un dossier, contenente anche materiale fotografico, che riguarda l'attuale ministro delle Infrastrutture, Graziano Delrio. Il dossier conterrebbe elementi di un rapporto tra lo stesso Delrio ed esponenti della 'ndrangheta: \"E adesso\", dice Pastena, \"ci stanno le foto di Delrio con questi\". Il riferimento \u00e8 a un clan operante tra Mantova e Reggio Emilia, denominati nell'intercettazione 'Cutresi'.<\/p>\n<p>In un'altra conversazione con il compagno, \u00e8 proprio l'ex ministra a parlare del suo ex vice Claudio De Vincenti e del ministro dell'Economia Pier Carlo Padoan: \"Sai chi lo ha messo l\u00ec, Padoan, Innocenti, l'hai capito chi gliel'ho messo Padoan? Sempre quel quartierino l\u00ec\". Parlando con Gemelli, la Guidi - secondo le conclusioni degli investigatori - sottolineava che \"De Vincenti era la sua rovina\". Subito dopo, la Guidi aggiungeva: \"Per\u00f2 siccome \u00e8 diciamo amico di quel tuo clan l\u00ec... prova a prenderci le misure anche tu, Gianluca\", concludeva.<\/p>\n<p>Gemelli e la Guidi litigarono per una vicenda riguardante \"Aeroporti Toscani\". Alla richiesta di aiutarlo, l'ex ministra si sfoga: \"Questa cosa mi mette in difficolt\u00e0\". Il compagno le rinfaccia di essersi messa \"a completa disposizione del presidente di 'Aeroporti toscani'. Per lui ti sei esposta, per me no\".<\/p>\n<p>I magistrati chiederanno alla Guidi chiarimenti su due\u00a0aspetti dell'inchiesta al centro del filone \"Tempa Rossa\", il\u00a0Centro Oli che la Total sta realizzando a Corleto Perticara\u00a0(Potenza). Il primo riguarda l'intercettazione del novembre 2014 con il\u00a0compagno Gianluca Gemelli (indagato) sull'emendamento alla Legge\u00a0di Stabilit\u00e0 proprio per \"Tempa Rossa\". \"Dovremmo riuscire a\u00a0mettere dentro al Senato, se \u00e8 d'accordo anche 'Mariaelena'\u00a0(Boschi), quell'emendamento che mi hanno fatto uscire\u00a0quella notte, alle quattro di notte\", disse Guidi al telefono al\u00a0compagno, a proposito dell'emendamento relativo ai lavori per il\u00a0centro oli della Total in contrada 'Tempa rossa', a Corleto\u00a0Perticara (Potenza), nei quali Gemelli stesso aveva interesse\u00a0essendo alla guida di due societ\u00e0 del settore petrolifero. Quella telefonata - definita \"inopportuna\" dal premier Renzi -\u00a0ha portato alle dimissioni della Guidi.\u00a0Il secondo aspetto, invece, riguarda il ruolo che Gemelli, il\u00a0compagno della Guidi, avrebbe avuto nella genesi e nella\u00a0definizione dello stesso emendamento e, pi\u00f9 in generale,\u00a0dell'attivit\u00e0 dell'ex ministra rispetto agli interessi delle\u00a0compagnie petrolifere. Si tratta - per usare le parole di uno\u00a0degli indagati, il dirigente della Total, Giuseppe Cobianchi -\u00a0della \"strada gemellica\", una \"scorciatoia\", con il chiaro\u00a0riferimento proprio a Gemelli, che le compagnie e le imprese,\u00a0non soltanto di Tempa Rossa, avevano individuato per risolvere i\u00a0loro problemi, accelerando le procedure previste, grazie al\u00a0legame tra l'imprenditore e l'esponente del Governo.<\/p>\n<p>Sempre per il filone \"Tempa Rossa\", sono proseguiti gli\u00a0interrogatori di garanzia: non hanno risposto alle domande del\u00a0gip l'ex sindaco di Corleto Perticara, Rosaria Vicino (\"Ho agito\u00a0nell'interesse della comunit\u00e0, senza alcun ritorno personale\",\u00a0ha per\u00f2 detto in una dichiarazione spontanea) e dell'allora suo\u00a0vice, Giambattista Genovese. Da \"Tempa Rossa\" si arriva al porto\u00a0di Augusta per il filone \"siciliano\", nel quale di nuovo Gemelli\u00a0avrebbe un ruolo determinante e nel quale il capo di stato\u00a0maggiore della Marina, ammiraglio Giuseppe De Giorgi, \u00e8 indagato\u00a0per il reato di abuso di ufficio.<\/p>\n<p>Stamani dalla Procura di Potenza \u00e8 arrivata la precisazione\u00a0che \"in relazione all'attivit\u00e0 petrolifera svolta da Eni\", a\u00a0Viggiano (Potenza), \"ad oggi non \u00e8 iscritta l'ipotesi di\u00a0disastro ambientale\". Oggi, inoltre, i sindaci dell'area hanno\u00a0annunciato che si costituiranno parte civile nell'eventuale\u00a0processo che concluder\u00e0 l'inchiesta e, a margine di un'audizione\u00a0alla Camera, l'Amministratore Delegato della compagnia, Claudio Descalzi, ha\u00a0avvertito che il blocco degli impianti Eni in Val d'Agri (dove\u00a0sono sotto sequestro due vasche e un pozzo di reiniezione e dove\u00a0la produzione \u00e8 sospesa dallo scorso 31 marzo), da un punto di\u00a0vista economico \"uccide\" la raffineria di Taranto che viene\u00a0alimentata proprio dal petrolio estratto in Basilicata, ha\u00a0ribadito di \"voler andare fino in fondo\" per dimostrare la\u00a0correttezza dell'Eni. \"Teniamo ferma - ha detto - la produzione\u00a0per due o tre anni? Non mi interessa, voglio andare fino in\u00a0fondo. Abbiamo e ho la coscienza a posto\".<\/p>\n<p>Il Ministro dell'Ambiente, Gian Luca Galletti, infine, ha\u00a0sottolineato che \"la norma al centro del caso Tempa Rossa\u00a0prevede solo una semplificazione amministrativa sul rilascio di\u00a0autorizzazioni, senza incidere minimamente sulle salvaguardie\u00a0ambientali, anzi in qualche modo rafforzandole. E' questo il\u00a0motivo - ha concluso - per cui il ministero dell'Ambiente ha\u00a0condiviso entrambe le stesure\".<\/p>\n","protected":false},"excerpt":{"rendered":"<p>Potenza, 7 Apr 2016 &#8211; Si focalizza sulle nuove intercettazioni e sull&#8217;arrivo a Potenza\u00a0dell&#8217;ex ministra dello Sviluppo economico, Federica Guidi &#8211;\u00a0oggi, in tarda mattinata, in&#8230;<\/p>\n","protected":false},"author":2,"featured_media":125174,"comment_status":"closed","ping_status":"closed","sticky":false,"template":"","format":"standard","meta":[],"categories":[49,50],"tags":[],"_links":{"self":[{"href":"https:\/\/www.cronacaonline.it\/index.php\/wp-json\/wp\/v2\/posts\/125355"}],"collection":[{"href":"https:\/\/www.cronacaonline.it\/index.php\/wp-json\/wp\/v2\/posts"}],"about":[{"href":"https:\/\/www.cronacaonline.it\/index.php\/wp-json\/wp\/v2\/types\/post"}],"author":[{"embeddable":true,"href":"https:\/\/www.cronacaonline.it\/index.php\/wp-json\/wp\/v2\/users\/2"}],"replies":[{"embeddable":true,"href":"https:\/\/www.cronacaonline.it\/index.php\/wp-json\/wp\/v2\/comments?post=125355"}],"version-history":[{"count":0,"href":"https:\/\/www.cronacaonline.it\/index.php\/wp-json\/wp\/v2\/posts\/125355\/revisions"}],"wp:featuredmedia":[{"embeddable":true,"href":"https:\/\/www.cronacaonline.it\/index.php\/wp-json\/wp\/v2\/media\/125174"}],"wp:attachment":[{"href":"https:\/\/www.cronacaonline.it\/index.php\/wp-json\/wp\/v2\/media?parent=125355"}],"wp:term":[{"taxonomy":"category","embeddable":true,"href":"https:\/\/www.cronacaonline.it\/index.php\/wp-json\/wp\/v2\/categories?post=125355"},{"taxonomy":"post_tag","embeddable":true,"href":"https:\/\/www.cronacaonline.it\/index.php\/wp-json\/wp\/v2\/tags?post=125355"}],"curies":[{"name":"wp","href":"https:\/\/api.w.org\/{rel}","templated":true}]}}