{"id":125170,"date":"2016-04-03T09:12:26","date_gmt":"2016-04-03T07:12:26","guid":{"rendered":"http:\/\/www.cronacaonline.it\/public\/content\/?p=125170"},"modified":"2016-04-03T09:12:26","modified_gmt":"2016-04-03T07:12:26","slug":"linchiesta-sul-petrolio-si-allarga-ad-augusta-pm-ascolteranno-i-ministri-boschi-e-guidi","status":"publish","type":"post","link":"https:\/\/www.cronacaonline.it\/index.php\/2016\/04\/03\/linchiesta-sul-petrolio-si-allarga-ad-augusta-pm-ascolteranno-i-ministri-boschi-e-guidi\/","title":{"rendered":"L&#8217;inchiesta sul petrolio si allarga ad augusta. Pm ascolteranno i ministri Boschi e Guidi"},"content":{"rendered":"<p>Potenza, 3 Apr 2016 - L\u2019inchiesta sul petrolio della Procura di Potenza e della Dna si allarga e ai due filoni lucani relativi all\u2019inquinamento del centro oli dell\u2019Eni, a Viggiano e alla realizzazione di \u00abTempa Rossa\u00bb della Total, a Corleto Perticara, si aggiunge anche l'inchiesta sull\u2019attivit\u00e0 dell\u2019Autorit\u00e0 portuale di Augusta, in Sicilia, dove \u00e8 indagato l\u2019Autorit\u00e0 portuale di Augusta.<\/p>\n<p>Il capo di Stato maggiore della Marina\u00a0attraverso una nota diffusa dall'ufficio stampa della Marina, dichiara: \"Non conosco sulla base di quali fatti il mio nome venga associato a questa vicenda. La cosa mi sorprende e mi amareggia, e tuteler\u00f2 la mia reputazione nelle sedi opportune\".\u00a0L'ammiraglio \u00e8 indagato con l'accusa di associazione a delinquere finalizzata al traffico di influenze e per concorso in abuso d'ufficio in un\u00a0filone siciliano che riguarda gli accertamenti sull'attivit\u00e0 dell'Autorit\u00e0 portuale di Augusta. Nello stesso filone sono coinvolti anche Gianluca Gemelli, il dirigente della Total Giuseppe Cobianchi, l'ex sindaco di Corleto Perticara (Potenza) Rosaria Vicino, l'imprenditore Pasquale Criscuolo, il collaboratore della Camera di Commercio di Roma Nicola Colicchi e il presidente del Collegio dei Revisori dei conti della stessa Camera di Commercio Valter Pastena (ex direttore generale della Ragioneria di Stato).<\/p>\n<p><img loading=\"lazy\" class=\"size-medium wp-image-125174 alignleft\" src=\"https:\/\/www.cronacaonline.it\/wp-content\/uploads\/2016\/04\/potenza_scandalo-petroli_le-due-monelle-al-lavoro-1-300x169.jpg\" alt=\"potenza_scandalo petroli_le due 'monelle' al lavoro\" width=\"300\" height=\"169\" srcset=\"https:\/\/www.cronacaonline.it\/wp-content\/uploads\/2016\/04\/potenza_scandalo-petroli_le-due-monelle-al-lavoro-1-300x169.jpg 300w, https:\/\/www.cronacaonline.it\/wp-content\/uploads\/2016\/04\/potenza_scandalo-petroli_le-due-monelle-al-lavoro-1.jpg 600w\" sizes=\"(max-width: 300px) 100vw, 300px\" \/>La Procura di Potenza ha annunciato che presenter\u00e0 appello al provvedimento del gip che lo scorso 22 marzo ha rigettato\u00a0l\u2019istanza di arresto per Gemelli, il compagno della Guidi.\u00a0\u00a0Inoltre i Pm di Potenza,\u00a0nei prossimi giorni, andranno a Roma per sentire il Ministro per i Rapporti con il Parlamento, Maria Elena Boschi, e l\u2019ex Ministro dello Sviluppo economico, Federica Guidi\u00a0alla luce di quanto emerso nelle intercettazioni telefoniche contenute negli atti dell\u2019inchiesta.<\/p>\n<p>Intanto le opposizioni non si accontentano delle dimissioni del ministro dello Sviluppo economico, Federica Guidi malo scioglimento dell'intero governo. Il centro destra \u00e8 riuscito a ritrovare l'unit\u00e0 su questo punto e, cos\u00ec\u00a0Forza Italia, Fratelli d\u2019Italia e Lega Nord depositeranno, sia alla Camera che a palazzo Madama, una mozione di sfiducia contro tutto l\u2019esecutivo. Un'altra mozione di sfiducia era gi\u00e0 stata annunciata dal Movimento 5 Stelle.<\/p>\n<p>Ostenta sicurezza il presidente del Consiglio, Matteo Renzi che nell'ultima Enews ha scritto: \"La disponibilit\u00e0 immediata di Guidi ad un passo indietro ha gettato nel panico le varie opposizioni che a quel punto non sapendo che fare hanno iniziato ad urlare ancora pi\u00f9 forte chiedendo le dimissioni dell\u2019intero governo, responsabile non si sa bene di cosa\" e riferendosi al M5S, l'unica forza politica che aveva allora annunciato una mozione di sfiducia, aggiunge \"andremo in Parlamento, spero prima possibile. E ancora una volta il Parlamento potr\u00e0 mandarci a casa, se vorr\u00e0. Ma non credo succeder\u00e0 neanche stavolta\".<\/p>\n","protected":false},"excerpt":{"rendered":"<p>Potenza, 3 Apr 2016 &#8211; L\u2019inchiesta sul petrolio della Procura di Potenza e della Dna si allarga e ai due filoni lucani relativi all\u2019inquinamento del&#8230;<\/p>\n","protected":false},"author":2,"featured_media":125171,"comment_status":"closed","ping_status":"closed","sticky":false,"template":"","format":"standard","meta":[],"categories":[49,50],"tags":[],"_links":{"self":[{"href":"https:\/\/www.cronacaonline.it\/index.php\/wp-json\/wp\/v2\/posts\/125170"}],"collection":[{"href":"https:\/\/www.cronacaonline.it\/index.php\/wp-json\/wp\/v2\/posts"}],"about":[{"href":"https:\/\/www.cronacaonline.it\/index.php\/wp-json\/wp\/v2\/types\/post"}],"author":[{"embeddable":true,"href":"https:\/\/www.cronacaonline.it\/index.php\/wp-json\/wp\/v2\/users\/2"}],"replies":[{"embeddable":true,"href":"https:\/\/www.cronacaonline.it\/index.php\/wp-json\/wp\/v2\/comments?post=125170"}],"version-history":[{"count":0,"href":"https:\/\/www.cronacaonline.it\/index.php\/wp-json\/wp\/v2\/posts\/125170\/revisions"}],"wp:featuredmedia":[{"embeddable":true,"href":"https:\/\/www.cronacaonline.it\/index.php\/wp-json\/wp\/v2\/media\/125171"}],"wp:attachment":[{"href":"https:\/\/www.cronacaonline.it\/index.php\/wp-json\/wp\/v2\/media?parent=125170"}],"wp:term":[{"taxonomy":"category","embeddable":true,"href":"https:\/\/www.cronacaonline.it\/index.php\/wp-json\/wp\/v2\/categories?post=125170"},{"taxonomy":"post_tag","embeddable":true,"href":"https:\/\/www.cronacaonline.it\/index.php\/wp-json\/wp\/v2\/tags?post=125170"}],"curies":[{"name":"wp","href":"https:\/\/api.w.org\/{rel}","templated":true}]}}