{"id":125119,"date":"2016-04-01T15:39:33","date_gmt":"2016-04-01T13:39:33","guid":{"rendered":"http:\/\/www.cronacaonline.it\/public\/content\/?p=125119"},"modified":"2016-04-01T15:39:33","modified_gmt":"2016-04-01T13:39:33","slug":"la-campana-sommersa-di-ottorino-respighi-domani-alle-11-20-a-rai-radio3","status":"publish","type":"post","link":"https:\/\/www.cronacaonline.it\/index.php\/2016\/04\/01\/la-campana-sommersa-di-ottorino-respighi-domani-alle-11-20-a-rai-radio3\/","title":{"rendered":"La campana sommersa di Ottorino Respighi domani alle 11.20 a Rai Radio3"},"content":{"rendered":"<p>Cagliari, 1 Apr 2016 - Domani, sabato 2 aprile, alle 11.20, a Rai Radio3 (96,3 MHz), la trasmissione \u201cMomus, il caff\u00e8 dell\u2019opera\u201d, un programma di Annarita Caroli che cura anche la regia e Sandro Cappelletto che conduce in studio, \u00e8 interamente dedicata all\u2019allestimento dell\u2019opera La campana sommersa di Ottorino Respighi che, dall\u20191 al 10 aprile, inaugura la Stagione lirica e di balletto 2016 del Teatro Lirico di Cagliari.<\/p>\n<p>La puntata di domani, della durata di 40 minuti, prevede una lunga intervista al maestro concertatore e direttore dell\u2019opera Donato Renzetti, in collegamento telefonico da Cagliari, e numerosi ascolti musicali.<\/p>\n<p>La campana sommersa viene replicata: sabato 2 aprile alle 19 (turno G); domenica 3 aprile alle 17 (turno D); marted\u00ec 5 aprile alle 20.30 (turno F); mercoled\u00ec 6 aprile alle 20.30 (turno B); venerd\u00ec 8 aprile alle 20.30 (turno C); domenica 10 aprile alle 17 (turno E). Le recite per le scuole, edizione \u201cridotta\u201d dell\u2019opera della durata complessiva di un\u2019ora circa, sono: marted\u00ec 5, gioved\u00ec 7 e venerd\u00ec 8 aprile sempre alle 11.<\/p>\n<p>La Biglietteria del Teatro Lirico \u00e8 aperta dal luned\u00ec al sabato dalle 9 alle 13 e dalle 16 alle 20. La domenica e i giorni festivi apre, solo in caso di spettacolo, un\u2019ora prima l\u2019inizio dello stesso.<\/p>\n","protected":false},"excerpt":{"rendered":"<p>Cagliari, 1 Apr 2016 &#8211; Domani, sabato 2 aprile, alle 11.20, a Rai Radio3 (96,3 MHz), la trasmissione \u201cMomus, il caff\u00e8 dell\u2019opera\u201d, un programma di&#8230;<\/p>\n","protected":false},"author":2,"featured_media":125039,"comment_status":"closed","ping_status":"closed","sticky":false,"template":"","format":"standard","meta":[],"categories":[49,54],"tags":[],"_links":{"self":[{"href":"https:\/\/www.cronacaonline.it\/index.php\/wp-json\/wp\/v2\/posts\/125119"}],"collection":[{"href":"https:\/\/www.cronacaonline.it\/index.php\/wp-json\/wp\/v2\/posts"}],"about":[{"href":"https:\/\/www.cronacaonline.it\/index.php\/wp-json\/wp\/v2\/types\/post"}],"author":[{"embeddable":true,"href":"https:\/\/www.cronacaonline.it\/index.php\/wp-json\/wp\/v2\/users\/2"}],"replies":[{"embeddable":true,"href":"https:\/\/www.cronacaonline.it\/index.php\/wp-json\/wp\/v2\/comments?post=125119"}],"version-history":[{"count":0,"href":"https:\/\/www.cronacaonline.it\/index.php\/wp-json\/wp\/v2\/posts\/125119\/revisions"}],"wp:featuredmedia":[{"embeddable":true,"href":"https:\/\/www.cronacaonline.it\/index.php\/wp-json\/wp\/v2\/media\/125039"}],"wp:attachment":[{"href":"https:\/\/www.cronacaonline.it\/index.php\/wp-json\/wp\/v2\/media?parent=125119"}],"wp:term":[{"taxonomy":"category","embeddable":true,"href":"https:\/\/www.cronacaonline.it\/index.php\/wp-json\/wp\/v2\/categories?post=125119"},{"taxonomy":"post_tag","embeddable":true,"href":"https:\/\/www.cronacaonline.it\/index.php\/wp-json\/wp\/v2\/tags?post=125119"}],"curies":[{"name":"wp","href":"https:\/\/api.w.org\/{rel}","templated":true}]}}