{"id":125042,"date":"2016-03-31T12:47:21","date_gmt":"2016-03-31T10:47:21","guid":{"rendered":"http:\/\/www.cronacaonline.it\/public\/content\/?p=125042"},"modified":"2016-03-31T12:47:21","modified_gmt":"2016-03-31T10:47:21","slug":"referendum-il-presidente-del-consiglio-regionale-sardegna-gianfranco-ganau-domani-partecipa-alla-tribuna-televisiva-dedicata-alla-consultazione-referendaria-del-prossimo-17-aprile-e-si-esprimera-pe","status":"publish","type":"post","link":"https:\/\/www.cronacaonline.it\/index.php\/2016\/03\/31\/referendum-il-presidente-del-consiglio-regionale-sardegna-gianfranco-ganau-domani-partecipa-alla-tribuna-televisiva-dedicata-alla-consultazione-referendaria-del-prossimo-17-aprile-e-si-esprimera-pe\/","title":{"rendered":"Referendum &#8211; Il presidente del Consiglio regionale Sardegna, Gianfranco Ganau domani partecipa alla tribuna televisiva dedicata alla consultazione referendaria del prossimo 17 aprile e si esprimer\u00e0 per il S\u00ec."},"content":{"rendered":"<p>Cagliari, 31 Mar 2016 \u2013 Il presidente del Consiglio Gianfranco Ganau parteciper\u00e0 domani a Roma alla tribuna televisiva per il referendum contro le trivelle del 17 Aprile.<\/p>\n<p>A confrontarsi con il massimo rappresentante dell\u2019Assemblea sarda che illustrer\u00e0 le ragioni per cui \u00e8 necessario andare a votare S\u00ec alla consultazione referendaria, ci saranno per il no il senatore Andrea Fluttero dei circoli Ambiente e cultura rurale, per l\u2019astensione il consigliere regionale dell\u2019Emilia-Romagna Gianni Bessi del PD e per il s\u00ec anche il costituzionalista Enzo Di Salvatore del coordinamento nazionale NO TRIV.<\/p>\n<p>La trasmissione andr\u00e0 in onda in diretta su Rai 3 alle 14.50 e durer\u00e0 30 minuti. La puntata verr\u00e0 trasmessa dagli studi del Centro di Produzione Rai di Saxa Rubra e replicata nella tribuna radiofonica nello stesso giorno su Radio 1 alle 23.20.<\/p>\n<p>\u00abSono poche le occasioni, soprattutto sui media nazionali, per informare gli elettori del referendum contro le trivelle \u2013 dichiara il presidente Ganau \u2013 ancora scarsa l\u2019informazione sul quesito referendario per il quale gli italiani dovranno scegliere se votare S\u00ec o no. I cittadini hanno il diritto di essere informati per scegliere con la massima consapevolezza\u00bb.<\/p>\n","protected":false},"excerpt":{"rendered":"<p>Cagliari, 31 Mar 2016 \u2013 Il presidente del Consiglio Gianfranco Ganau parteciper\u00e0 domani a Roma alla tribuna televisiva per il referendum contro le trivelle del&#8230;<\/p>\n","protected":false},"author":2,"featured_media":0,"comment_status":"closed","ping_status":"closed","sticky":false,"template":"","format":"standard","meta":[],"categories":[49,51],"tags":[],"_links":{"self":[{"href":"https:\/\/www.cronacaonline.it\/index.php\/wp-json\/wp\/v2\/posts\/125042"}],"collection":[{"href":"https:\/\/www.cronacaonline.it\/index.php\/wp-json\/wp\/v2\/posts"}],"about":[{"href":"https:\/\/www.cronacaonline.it\/index.php\/wp-json\/wp\/v2\/types\/post"}],"author":[{"embeddable":true,"href":"https:\/\/www.cronacaonline.it\/index.php\/wp-json\/wp\/v2\/users\/2"}],"replies":[{"embeddable":true,"href":"https:\/\/www.cronacaonline.it\/index.php\/wp-json\/wp\/v2\/comments?post=125042"}],"version-history":[{"count":0,"href":"https:\/\/www.cronacaonline.it\/index.php\/wp-json\/wp\/v2\/posts\/125042\/revisions"}],"wp:attachment":[{"href":"https:\/\/www.cronacaonline.it\/index.php\/wp-json\/wp\/v2\/media?parent=125042"}],"wp:term":[{"taxonomy":"category","embeddable":true,"href":"https:\/\/www.cronacaonline.it\/index.php\/wp-json\/wp\/v2\/categories?post=125042"},{"taxonomy":"post_tag","embeddable":true,"href":"https:\/\/www.cronacaonline.it\/index.php\/wp-json\/wp\/v2\/tags?post=125042"}],"curies":[{"name":"wp","href":"https:\/\/api.w.org\/{rel}","templated":true}]}}