{"id":124999,"date":"2016-03-30T16:26:50","date_gmt":"2016-03-30T14:26:50","guid":{"rendered":"http:\/\/www.cronacaonline.it\/public\/content\/?p=124999"},"modified":"2016-03-30T16:26:50","modified_gmt":"2016-03-30T14:26:50","slug":"lavori-consiglio-sardegna-approvata-manovra-finanziaria-2016-2018","status":"publish","type":"post","link":"https:\/\/www.cronacaonline.it\/index.php\/2016\/03\/30\/lavori-consiglio-sardegna-approvata-manovra-finanziaria-2016-2018\/","title":{"rendered":"Lavori Consiglio Sardegna: approvata manovra finanziaria 2016-2018."},"content":{"rendered":"<p>&nbsp;<\/p>\n<p>Cagliari 30 Mar 2016 - La seduta si \u00e8 aperta sotto la presidenza del presidente Gianfranco Ganau. Dopo la formalit\u00e0 di rito, il Consiglio ha proseguito l\u2019esame dell\u2019ordine del giorno con la discussione dell\u2019art.12 (Entrata in vigore) del Dl n.297 (Disposizioni per la formazione del bilancio di previsione 2016 e per gli anni 2016-2018 \u2013 Legge di Stabilit\u00e0 2016 e relativi allegati).<\/p>\n<p>Prendendo la parola sull\u2019ordine dei lavori, il capogruppo di Cps Piefranco Zanchetta ha riferito di una notizia di stamane, ancora ufficiosa, relativa allo spostamento del prossimo G7 a Taormina, affermando che tale notizia \u00abintroduce non soltanto la rappresentazione di uno senario nuovo ma di un film gi\u00e0 visto come gi\u00e0 accaduto nel 2009\u00bb. La questione, ha proposto, \u00abdeve quindi essere ripresa ed affrontata nella prossima riunione del Consiglio, con un documento dell\u2019Assemblea che eserciti il massimo della pressione sul Governo nazionale per scongiurare questa ipotesi\u00bb.<\/p>\n<p>Il presidente della commissione Bilancio e la Giunta hanno espresso il parere sugli emendamenti presentati.<\/p>\n<p>Intervenendo nella discussione generale il vice capogruppo di Forza Italia Alessandra Zedda ha ricordato che \u00abl\u2019opposizione ha provato a cambiare la manovra a cominciare da entrate e fisco, materie su cui pesa il peccato originale di una vertenza non risolta, mentre sarebbe stata auspicabile una battaglia bi-partisan contro con Governo nazionale che certamente non \u00e8 vicino alla Sardegna\u00bb. Nei fatti, ha poi osservato, \u00abla manovra vincola pesantemente la spesa della Regione con accantonamenti e riserve e lo stesso pareggio di bilancio non si \u00e8 tradotto in una maggiore capacit\u00e0 di spesa, anzi ci sono meno investimenti e pi\u00f9 debiti\u00bb. Occorreva perci\u00f2, ha sostenuto ancora la Zedda, \u00abuna strategia completamente diversa, perch\u00e9 cos\u00ec la finanziaria non ha un\u2019anima, non \u00e8 utile alla Sardegna, non apre spazi per lo sviluppo, confinando temi come lavoro e attivit\u00e0 produttive in un ruolo marginale affidato al rinvio a fondi comunitari con stanziamenti regionali del tutto insufficienti\u00bb. La maggioranza, ha lamentato l\u2019esponente di Forza Italia, \u00abha respinto la linea del confronto ignorando le enormi criticit\u00e0 di una sanit\u00e0 affidata ai commissari che registra continui aumenti di spesa e quelle di una legge di riordino degli Enti locali non sar\u00e0 a costo zero; fra poco tutti questi nodi e molti altri come sicurezza, lotta alle povert\u00e0 e al dissesto idro-geologico, verranno al pettine e, ancora una volta, saranno i cittadini sardi a pagare il conto\u00bb.<\/p>\n<p>Il consigliere Edorardo Tocco (Forza Italia) ha parlato di una \u00abfinanziaria povera e priva di una strategia forte di una maggioranza che sta amministrando ma non governando la Regione, dove non c\u2019\u00e8 nessuna risposta a tanti territori martoriati, ad una economia che soffre, a tantissimi lavoratori che quasi ogni giorno protestano davanti ai palazzi delle istituzioni\u00bb. La sanit\u00e0, ha aggiunto, \u00ab\u00e8 il simbolo delle riforme mancate che causano profondo malessere dei cittadini, perch\u00e9 i commissari fanno quello che vogliono e praticano le politiche di sempre: ricorso alle agenzie interinali e aumento delle consulenze, in una sorta di tavola imbandita per gli amici degli amici\u00bb.<\/p>\n<p>Il consigliere di Forza Italia Antonello Peru ha criticato in modo radicale la finanziaria che, a suo giudizio, \u00ab\u00e8 solo un lungo elenco di attese, promesse mancate, impegni traditi, annunci e provvedimenti virtuali mentre la Sardegna attendeva concretezza ed \u00e8 costretta ad assistere alla solita politica del rinvio, sulle grandi questioni come sulle piccole cose\u00bb.<\/p>\n<p>Il vice capogruppo di Forza Italia Marco Tedde ha sostenuto fra l\u2019altro che \u00abla finanziaria non ha ragione di entrare in vigore, \u00e8 la peggiore degli ultimi decenni, \u00e8 insufficiente e deludente, disastrosa, piena di intrusioni e forzature finalizzate ad accontentare qualcuno del centro sinistra ma non la Sardegna, le imprese e le famiglie della nostra Regione\u00bb.<\/p>\n<p>Il riequilibrio fra i diversi territori della Sardegna, ha concluso il consigliere, \u00absar\u00e0 comunque inevitabile perch\u00e9 neanche il sud Sardegna ce la pu\u00f2 fare da solo, mentre tutta la Sardegna naviga a vista senza bussola, anche su problemi strategici come continuit\u00e0 territoriale e trasporti.<\/p>\n<p>Il capogruppo dell\u2019Udc Gianluigi Rubiu ha parlato di una \u00abfinanziaria della quaresima, dei digiuni e dei sacrifici ma il brutto \u00e8 che dopo non ci sar\u00e0 resurrezione, perch\u00e9 siamo davanti ad un documento privo di cuore di anima, di progetto, di idee, con la Sardegna condannata a navigazione in un mare in tempesta che non ci porter\u00e0 lontano\u00bb.<\/p>\n<p>Soffermandosi ancora sulla programmazione sanitaria, il capogruppo dell\u2019Udc ha espresso forti preoccupazioni sull\u2019ipotesi della Asl unica mentre, ha detto, \u00ab\u00e8 necessario evitare le ennesime marginalizzazioni e gli isolamenti geografici che inevitabilmente si traducono in isolamenti di servizi\u00bb.<\/p>\n<p>Anche le speranze su una ripresa della nostra agricoltura, ha concluso Rubiu, \u00absono state tradite; molte Regioni hanno gi\u00e0 pubblicato i bandi per l\u2019imprenditoria giovanile che assegnano contributi fino a 50.000 per i giovani con meno di 40 anni, mentre noi siamo arrivati per ultimi e, nonostante i soliti fiumi di parole che vengono smentite dai fatti, siamo ancora la cenerentola dell\u2019Italia.<\/p>\n<p>Non essendoci altri iscritti a parlare, il presidente ha messo in votazione il testo dell\u2019art.12, che il Consiglio ha approvato con 26 voti favorevoli e 16 contrari. A seguire \u00e8 stato approvato anche il documento esplicativo del \u201cRisultato di amministrazione presunto al 31 dicembre del 2015\u201d.<\/p>\n<p>Subito dopo \u00e8 iniziato l\u2019esame del documento di bilancio \u201cDisposizioni per la formazione del bilancio di previsione per l\u2019anno 2016 e per gli anni 2016-2018 (Legge di stabilit\u00e0 2016) e della Tabella A, contenente gli \u201cImporti da inserire in bilancio relativamente a rifinanziamenti di legge regionali di spesa\u201d.<\/p>\n<p>La commissione Bilancio e la Giunta hanno espresso il parere sugli emendamenti presentati e, successivamente, il Consiglio ha approvato il testo.<\/p>\n<p>Respinti tutti gli emendamenti dell\u2019opposizione, \u00e8 stato approvato soltanto il n.764 (Sabatini e pi\u00f9) che rifinanzia per il 2016 con 150.000 euro gli interventi previsti dalle legge regionale 6\/12 in materia di \u201cFormazione professionale di non vedenti e portatori di handicap\u201d.<\/p>\n<p>Successivamente l\u2019Assemblea ha iniziato l\u2019esame della Tabella B relativa alle \u201cRiduzioni di autorizzazioni legislative di spesa regionali\u201d.<\/p>\n<p>La commissione Bilancio e la Giunta hanno espresso il parere sugli emendamenti presentati. Segue<\/p>\n","protected":false},"excerpt":{"rendered":"<p>&nbsp; Cagliari 30 Mar 2016 &#8211; La seduta si \u00e8 aperta sotto la presidenza del presidente Gianfranco Ganau. Dopo la formalit\u00e0 di rito, il Consiglio&#8230;<\/p>\n","protected":false},"author":2,"featured_media":28980,"comment_status":"closed","ping_status":"closed","sticky":false,"template":"","format":"standard","meta":[],"categories":[49,52],"tags":[],"_links":{"self":[{"href":"https:\/\/www.cronacaonline.it\/index.php\/wp-json\/wp\/v2\/posts\/124999"}],"collection":[{"href":"https:\/\/www.cronacaonline.it\/index.php\/wp-json\/wp\/v2\/posts"}],"about":[{"href":"https:\/\/www.cronacaonline.it\/index.php\/wp-json\/wp\/v2\/types\/post"}],"author":[{"embeddable":true,"href":"https:\/\/www.cronacaonline.it\/index.php\/wp-json\/wp\/v2\/users\/2"}],"replies":[{"embeddable":true,"href":"https:\/\/www.cronacaonline.it\/index.php\/wp-json\/wp\/v2\/comments?post=124999"}],"version-history":[{"count":0,"href":"https:\/\/www.cronacaonline.it\/index.php\/wp-json\/wp\/v2\/posts\/124999\/revisions"}],"wp:featuredmedia":[{"embeddable":true,"href":"https:\/\/www.cronacaonline.it\/index.php\/wp-json\/"}],"wp:attachment":[{"href":"https:\/\/www.cronacaonline.it\/index.php\/wp-json\/wp\/v2\/media?parent=124999"}],"wp:term":[{"taxonomy":"category","embeddable":true,"href":"https:\/\/www.cronacaonline.it\/index.php\/wp-json\/wp\/v2\/categories?post=124999"},{"taxonomy":"post_tag","embeddable":true,"href":"https:\/\/www.cronacaonline.it\/index.php\/wp-json\/wp\/v2\/tags?post=124999"}],"curies":[{"name":"wp","href":"https:\/\/api.w.org\/{rel}","templated":true}]}}