{"id":124983,"date":"2016-03-30T14:13:09","date_gmt":"2016-03-30T12:13:09","guid":{"rendered":"http:\/\/www.cronacaonline.it\/public\/content\/?p=124983"},"modified":"2016-03-30T14:13:09","modified_gmt":"2016-03-30T12:13:09","slug":"primi-accoglimenti-del-tar-lazio-sui-ricorsi-per-laccesso-al-concorso-docenti-2016","status":"publish","type":"post","link":"https:\/\/www.cronacaonline.it\/index.php\/2016\/03\/30\/primi-accoglimenti-del-tar-lazio-sui-ricorsi-per-laccesso-al-concorso-docenti-2016\/","title":{"rendered":"Primi accoglimenti del Tar Lazio sui ricorsi per l&#8217;accesso al concorso docenti 2016"},"content":{"rendered":"<p>Cagliari, 30 Mar 2016 \u2013 A poche ore dalla chiusura delle iscrizioni al concorsone della scuola che mira ad immettere in ruolo oltre 60.000 nuovi insegnanti, il Tar del Lazio ha accolto il ricorso degli Avvocati Michele Bonetti e Santi Delia ed ordina al Miur di far partecipare alla prova anche quei docenti che il bando di concorso e la cosiddetta Legge de \"La Buona Scuola\" avevano escluso. Si tratta dei primi accoglimenti su categorie distinte di docenti esclusi dalla partecipazione.<br \/>\nL'obiettivo di Viale Trastevere era evidentemente volto a ridurre la platea dei partecipanti impedendo anche la mera presentazione della domanda a tutti i docenti non in possesso dell'abilitazione seppur spesso assunti quali supplenti dalle Graduatorie di Istituto e quindi gi\u00e0 da tempo nel mondo della scuola o ancora escludendo chi gi\u00e0 ha un posto a tempo indeterminato. Per costoro, in particolare, il Miur ha deciso che avendo gi\u00e0 un posto in scuola statale non v'\u00e8 spazio per una nuova assunzione e, quindi, per un loro miglioramento professionale. Tali fini, secondo i legali, avrebbero dovuto essere espressamente previsti dal legislatore e da esso perseguiti con i diversi strumenti gi\u00e0 in passato ampiamente utilizzati allo scopo (immissioni in ruolo ex legge, concorsi riservati, riserve nei concorsi pubblici), ci\u00f2 che nella specie non \u00e8 avvenuto assistendosi ad una vera e propria segregazione nei confronti di tali soggetti. Per altri, invece, in possesso del diploma magistrale ad indirizzo sperimentale linguistico, nonostante le nostre vittorie sul riconoscimento del valore abilitante del titolo a partire dal 2013, il Miur ha continuato a disconoscerne il valore nonostante le sconfitte subite durante il precedente \"concorsone\".<br \/>\nIl Tar ha quindi consentito con provvedimenti di urgenza di presentare la domanda di partecipazione alle prove e di presentarsi agli esami stessi.<br \/>\nIl Collegio decider\u00e0 i primi giudizi pilota gi\u00e0 in data 7 aprile prossimo, quando per\u00f2 sar\u00e0 preclusa la possibilit\u00e0 per chi non ha inviato la domanda di partecipazione in formato cartaceo di provvedervi. I legali ed Adida consigliano, in tal senso, di inviare la domanda di partecipazione in forma cartacea entro le 14 di\u00a0oggi.<br \/>\nSaranno oltre 20.000 i ricorrenti che hanno tentato la strada del T.A.R. per ottenere di poter partecipare, ad armi pari, ad un concorso che, secondo l'art. 1 del Regolamento sull'accesso al pubblico impiego deve avvenire \u201cper concorso pubblico aperto a tutti\u201d. Red<\/p>\n","protected":false},"excerpt":{"rendered":"<p>Cagliari, 30 Mar 2016 \u2013 A poche ore dalla chiusura delle iscrizioni al concorsone della scuola che mira ad immettere in ruolo oltre 60.000 nuovi&#8230;<\/p>\n","protected":false},"author":2,"featured_media":124984,"comment_status":"closed","ping_status":"closed","sticky":false,"template":"","format":"standard","meta":[],"categories":[49,51],"tags":[],"_links":{"self":[{"href":"https:\/\/www.cronacaonline.it\/index.php\/wp-json\/wp\/v2\/posts\/124983"}],"collection":[{"href":"https:\/\/www.cronacaonline.it\/index.php\/wp-json\/wp\/v2\/posts"}],"about":[{"href":"https:\/\/www.cronacaonline.it\/index.php\/wp-json\/wp\/v2\/types\/post"}],"author":[{"embeddable":true,"href":"https:\/\/www.cronacaonline.it\/index.php\/wp-json\/wp\/v2\/users\/2"}],"replies":[{"embeddable":true,"href":"https:\/\/www.cronacaonline.it\/index.php\/wp-json\/wp\/v2\/comments?post=124983"}],"version-history":[{"count":0,"href":"https:\/\/www.cronacaonline.it\/index.php\/wp-json\/wp\/v2\/posts\/124983\/revisions"}],"wp:featuredmedia":[{"embeddable":true,"href":"https:\/\/www.cronacaonline.it\/index.php\/wp-json\/wp\/v2\/media\/124984"}],"wp:attachment":[{"href":"https:\/\/www.cronacaonline.it\/index.php\/wp-json\/wp\/v2\/media?parent=124983"}],"wp:term":[{"taxonomy":"category","embeddable":true,"href":"https:\/\/www.cronacaonline.it\/index.php\/wp-json\/wp\/v2\/categories?post=124983"},{"taxonomy":"post_tag","embeddable":true,"href":"https:\/\/www.cronacaonline.it\/index.php\/wp-json\/wp\/v2\/tags?post=124983"}],"curies":[{"name":"wp","href":"https:\/\/api.w.org\/{rel}","templated":true}]}}