{"id":124951,"date":"2016-03-30T09:12:36","date_gmt":"2016-03-30T07:12:36","guid":{"rendered":"http:\/\/www.cronacaonline.it\/public\/content\/?p=124951"},"modified":"2016-03-30T09:12:36","modified_gmt":"2016-03-30T07:12:36","slug":"la-madre-di-giulio-regeni-sul-suo-viso-il-male-del-mondo","status":"publish","type":"post","link":"https:\/\/www.cronacaonline.it\/index.php\/2016\/03\/30\/la-madre-di-giulio-regeni-sul-suo-viso-il-male-del-mondo\/","title":{"rendered":"La madre di Giulio Regeni: &#8220;sul suo viso il male del mondo&#8221;"},"content":{"rendered":"<p>Roma, 30 Mar 2016 - Paola Regeni, ieri in conferenza stampa si mostra forte, non piange ma nel suo viso traspare tanto dolore. Un dolore necessario \u2013 ha detto, da affrontare tutti insieme. La donna, forte,\u00a0ha lo sguardo fiero, una sciarpa gialla dello stesso colore\u00a0dello striscione con cui chiede verit\u00e0 e giustizia, la forza di\u00a0una madre che combatter\u00e0 fino all'ultimo per avere quell'unica\u00a0risposta che conta: perch\u00e9 Giulio \u00e8 stato ridotto in quel modo.<\/p>\n<p>Accanto al marito Claudio, nella sala del Senato dedicata ai\u00a0morti di Nassiriya, Paola affronta decine di giornalisti con la\u00a0consapevolezza di chi sa che la morte del ricercatore \u00e8 un fatto\u00a0enorme che non ha cambiato soltanto la vita della sua famiglia.\u00a0Ed infatti: \"La morte di Giulio non \u00e8 un caso isolato. Non \u00e8\u00a0morbillo, non \u00e8 varicella. La parte amica dell'Egitto ci ha\u00a0detto che l'hanno torturato e ucciso come un egiziano. Forse non\u00a0saranno piaciute le sue idee. E forse - scandisce Paola - era\u00a0dai tempi del nazifascismo che un italiano non moriva dopo esser\u00a0stato sottoposto alle torture. Ma Giulio non era in guerra, non\u00a0era in montagna come i partigiani, che hanno tutto il mio\u00a0rispetto. Era l\u00ec per fare ricerca. Eppure lo hanno torturato\".<\/p>\n<p>Per un attimo, prima di affrontare i media, i genitori di\u00a0Giulio hanno pensato ad un gesto estremo per smuovere le acque,\u00a0diffondere la foto di Giulio all'obitorio della Sapienza. Come\u00a0fece gi\u00e0 Patrizia Aldrovandi, come continua a fare Ilaria\u00a0Cucchi. Poi alla fine ci hanno ripensato, anche se non \u00e8 escluso\u00a0che pi\u00f9 avanti possano cambiare idea, soprattutto se dall'Egitto\u00a0continueranno ad arrivare depistaggi. \"Crediamo che le parole\u00a0della madre siano pi\u00f9 forti\" ha detto il loro avvocato,\u00a0Alessandra Ballerini.<\/p>\n<p>E allora eccole, quelle parole. \"L'ultima foto che abbiamo di\u00a0Giulio \u00e8 del 15 gennaio, il giorno del suo compleanno - dice\u00a0Paola -, quella in cui lui ha il maglione verde e la camicia\u00a0rossa. Non si vede, ma davanti a lui c'\u00e8 un piatto di pesce e\u00a0intorno gli amici, perch\u00e9 Giulio amava divertirsi. Il suo era un\u00a0viso sorridente, con uno sguardo aperto. E' un'immagine felice\".\u00a0Poi ce un'altra immagine. Quella che \"con dolore io e Claudio\u00a0cerchiamo di sovrapporre a quella in cui era felice\", quella\u00a0all'obitorio. \"L'Egitto ci ha restituito un volto completamente\u00a0diverso. Al posto di quel viso solare e aperto c'\u00e8 un viso\u00a0piccolo, piccolo, piccolo, non vi dico cosa gli hanno fatto. Su\u00a0quel viso ho visto tutto il male del mondo e mi sono chiesta\u00a0perch\u00e9 tutto il male del mondo si \u00e8 riversato su di lui\".\u00a0Nessuno parla, Paola prosegue nel silenzio. \"All'obitorio,\u00a0l'unica cosa che ho ritrovato di quel suo viso felice \u00e8 il naso.\u00a0Lo ho riconosciuto soltanto dalla punta del naso\".<\/p>\n<p>La madre di Giulio non piange. Non ci riesce. \"Io che piango\u00a0sentendo le canzoni romantiche, i funerali e pure per i disegni\u00a0dei bambini, finora ho pianto pochissimo. Per Giulio non riesco\u00a0a piangere, ho un blocco totale e forse riuscir\u00f2 a sbloccarmi\u00a0solo quando riuscir\u00f2 a capire cosa \u00e8 successo a Giulio\". Le\u00a0chiedono quale sia la cosa che le fa pi\u00f9 male. \"Pensare a quando\u00a0lui avr\u00e0 cercato in tutti i modi di far capire chi era, parlando\u00a0in arabo, in inglese, in italiano, in spagnolo, in tedesco,\u00a0magari anche nel dialetto del Cairo, e niente e successo. Poi mi\u00a0capita di vedere i suoi occhi, quei suoi occhi felici, che\u00a0dicono 'ma cosa sta succedendo, non pu\u00f2 accadere a me'. E\u00a0ancora, lo immagino quando, alla fine, capisce che quella porta\u00a0non si aprir\u00e0 pi\u00f9, perch\u00e9 lui aveva tutte le chiavi cognitive,\u00a0linguistiche, e storiche per capire cosa stava accadendo\".<\/p>\n<p>In questi due mesi, dice ancora Paola, ci sono stati \"momenti\u00a0di rabbia\", ma soprattutto \"di gran dispiacere\": per non avere\u00a0pi\u00f9 Giulio. Che \u00e8 una cosa che \"ha cambiato la vita a noi, ma\u00a0anche a sua sorella. E a Fiumicello. E a molti altri. Una cosa\u00a0cos\u00ec - conclude cercando gli sguardi di tutta la sala - cambia\u00a0la vita a tutti, sapete?\".<\/p>\n<p>&nbsp;<\/p>\n","protected":false},"excerpt":{"rendered":"<p>Roma, 30 Mar 2016 &#8211; Paola Regeni, ieri in conferenza stampa si mostra forte, non piange ma nel suo viso traspare tanto dolore. Un dolore&#8230;<\/p>\n","protected":false},"author":2,"featured_media":124952,"comment_status":"closed","ping_status":"closed","sticky":false,"template":"","format":"standard","meta":[],"categories":[49,50],"tags":[],"_links":{"self":[{"href":"https:\/\/www.cronacaonline.it\/index.php\/wp-json\/wp\/v2\/posts\/124951"}],"collection":[{"href":"https:\/\/www.cronacaonline.it\/index.php\/wp-json\/wp\/v2\/posts"}],"about":[{"href":"https:\/\/www.cronacaonline.it\/index.php\/wp-json\/wp\/v2\/types\/post"}],"author":[{"embeddable":true,"href":"https:\/\/www.cronacaonline.it\/index.php\/wp-json\/wp\/v2\/users\/2"}],"replies":[{"embeddable":true,"href":"https:\/\/www.cronacaonline.it\/index.php\/wp-json\/wp\/v2\/comments?post=124951"}],"version-history":[{"count":0,"href":"https:\/\/www.cronacaonline.it\/index.php\/wp-json\/wp\/v2\/posts\/124951\/revisions"}],"wp:featuredmedia":[{"embeddable":true,"href":"https:\/\/www.cronacaonline.it\/index.php\/wp-json\/wp\/v2\/media\/124952"}],"wp:attachment":[{"href":"https:\/\/www.cronacaonline.it\/index.php\/wp-json\/wp\/v2\/media?parent=124951"}],"wp:term":[{"taxonomy":"category","embeddable":true,"href":"https:\/\/www.cronacaonline.it\/index.php\/wp-json\/wp\/v2\/categories?post=124951"},{"taxonomy":"post_tag","embeddable":true,"href":"https:\/\/www.cronacaonline.it\/index.php\/wp-json\/wp\/v2\/tags?post=124951"}],"curies":[{"name":"wp","href":"https:\/\/api.w.org\/{rel}","templated":true}]}}