{"id":124891,"date":"2016-03-29T08:51:21","date_gmt":"2016-03-29T06:51:21","guid":{"rendered":"http:\/\/www.cronacaonline.it\/public\/content\/?p=124891"},"modified":"2016-03-29T08:51:21","modified_gmt":"2016-03-29T06:51:21","slug":"attacchi-di-bruxelles-rilasciato-il-giornalista-freelance-faysal-cheffou-e-caccia-al-terzo-uomo","status":"publish","type":"post","link":"https:\/\/www.cronacaonline.it\/index.php\/2016\/03\/29\/attacchi-di-bruxelles-rilasciato-il-giornalista-freelance-faysal-cheffou-e-caccia-al-terzo-uomo\/","title":{"rendered":"Attacchi di Bruxelles, rilasciato il giornalista freelance Faysal Cheffou. \u00c8 caccia al terzo uomo"},"content":{"rendered":"<p>Bruxelles (Belgio), 29 Mar 2016 - Faysal Cheffou, il giornalista\u00a0freelance sospettato per giorni di essere 'l'uomo col cappello'\u00a0di Zaventem, \u00e8 stato liberato dalla Procura, ma resta per il\u00a0momento incriminato per tutti i capi di accusa che gli erano\u00a0stati contestati, ovvero: partecipazione ad attivit\u00e0\u00a0terroristiche, omicidio e tentato omicidio terrorista.<\/p>\n<p>Cheffou \u00e8 stato rilasciato per mancanza di prove.\u00a0Il reporter era stato identificato nei giorni scorsi dai media come l'uomo con il cappello che appare nelle immagini delle telecamere di videosorveglianza dell'aeroporto di Zaventem.<\/p>\n<p>\"Gli indizi che hanno portato al suo arresto non sono stati confermati dall'evoluzione delle indagini in corso\", ha segnalato la Procura nella nota. Cheffou era stato arrestato gioved\u00ec scorso con due altri sospetti davanti la sede della procura federale a Bruxelles. Nessuna arma n\u00e9 esplosivo \u00e8 stata ritrovata nel suo appartamento durante la perquisizione.<\/p>\n<p>La polizia belga ha intanto diffuso un nuovo video per identificare il terzo terrorista che compare nella foto degli attentati all'aereoporto. Nel filmato si vede l'uomo, che indossa un cappello e una giacca bianca, mentre spinge un carrello con un'enorme valigia attraverso la hall delle partenze, accanto ai terroristi che qualche minuto dopo si faranno saltare in aria, i kamikaze Ibrahim El Bakraoui e Najim Laachraoui, che per\u00f2 nel nuovo video sono oscurati.<\/p>\n<p>\"La polizia - si legge nel\u00a0comunicato degli inquirenti belgi - sta cercando di identificare\u00a0l'uomo. Egli \u00e8 sospettato di aver commesso l'attentato\u00a0all'aeroporto di Zaventem marted\u00ec, 22 marzo 2016. Se riconoscete\u00a0questa persona o se disponete di informazioni riguardo\u00a0all'attacco, si prega - conclude il messaggio postato sul sito\u00a0web della polizia federale - di contattare gli investigatori\u00a0tramite il numero verde 0800 30 300. Discrezione assicurata\". Sotto la breve nota, dal titolo 'sospetto da identificare', \u00e8\u00a0postato un video lungo 32 secondi in cui si vede l'uomo 'con il\u00a0cappello' camminare a fianco dei due altri sospetti kamikaze,\u00a0spingere il carrello dei bagagli, ripreso da una telecamera a\u00a0circuito chiuso dell'aeroporto di Zaventem pochi attimi prima\u00a0delle esplosioni.<\/p>\n<p>\u201c\u00c8 un nuovo video che non era stato diffuso prima\", aveva detto un portavoce della procura, che in una nota successiva ha affermato: \"Gli indizi che hanno portato all'arresto di Faysal C. non sono stati sostanziati dall'andamento dell'inchiesta. Di conseguenza il soggetto \u00e8 stato rilasciato dal magistrato\".<\/p>\n<p>E arrivano nuovi retroscena su Khalid El Bakraoui, il kamikaze della metro. L'uomo sarebbe transitato nel nostro Paese in estate, secondo fonti citate da Sky tg24, diretto il Grecia.\u00a0Fonti dell'antiterrorismo hanno rivelato che l'uomo \u00e8 passato per l'Italia il 23 luglio 2015, atterrando all'aeroporto di Treviso con un volo da Bruxelles. Poi il giorno successivo sarebbe ripartito da Venezia diretto in Grecia. Il biglietto lo ha comprato con la carta di credito intestata a un altro uomo: Abderahman Benamor. Al momento del check-in ha usato un documento d'identit\u00e0 del Belgio. Trascorre la notte in un hotel vicino all'aeroporto Marco Polo di Venezia. Il giorno dopo Bakraouoi si imbarca alle 6 del mattino su un volo Volotea con destinazione Atene.<\/p>\n<p>Sul fronte delle indagini, la tv greca Ert rivela che le\u00a0autorit\u00e0 di Atene avevano\u00a0trasmesso a quelle del Belgio tutti i risultati delle perquisizioni\u00a0di gennaio 2015 nell'appartamento di Abbaoud ad Atene, grazie\u00a0alle quali furono ritrovate mappe e disegni dell'aeroporto di Zaventem.\u00a0Secondo l'emittente, le\u00a0autorit\u00e0 greche avevano convenuto con quelle belghe di\u00a0procedere insieme alle perquisizioni dell'appartamento di Pagrati, dove Abbaoud aveva vissuto a gennaio 2015, ma la\u00a0collaborazione \u00e8 saltata e i belgi hanno chiesto ai greci di\u00a0procedere da soli.<\/p>\n","protected":false},"excerpt":{"rendered":"<p>Bruxelles (Belgio), 29 Mar 2016 &#8211; Faysal Cheffou, il giornalista\u00a0freelance sospettato per giorni di essere &#8216;l&#8217;uomo col cappello&#8217;\u00a0di Zaventem, \u00e8 stato liberato dalla Procura, ma&#8230;<\/p>\n","protected":false},"author":2,"featured_media":124892,"comment_status":"closed","ping_status":"closed","sticky":false,"template":"","format":"standard","meta":[],"categories":[49,50],"tags":[],"_links":{"self":[{"href":"https:\/\/www.cronacaonline.it\/index.php\/wp-json\/wp\/v2\/posts\/124891"}],"collection":[{"href":"https:\/\/www.cronacaonline.it\/index.php\/wp-json\/wp\/v2\/posts"}],"about":[{"href":"https:\/\/www.cronacaonline.it\/index.php\/wp-json\/wp\/v2\/types\/post"}],"author":[{"embeddable":true,"href":"https:\/\/www.cronacaonline.it\/index.php\/wp-json\/wp\/v2\/users\/2"}],"replies":[{"embeddable":true,"href":"https:\/\/www.cronacaonline.it\/index.php\/wp-json\/wp\/v2\/comments?post=124891"}],"version-history":[{"count":0,"href":"https:\/\/www.cronacaonline.it\/index.php\/wp-json\/wp\/v2\/posts\/124891\/revisions"}],"wp:featuredmedia":[{"embeddable":true,"href":"https:\/\/www.cronacaonline.it\/index.php\/wp-json\/wp\/v2\/media\/124892"}],"wp:attachment":[{"href":"https:\/\/www.cronacaonline.it\/index.php\/wp-json\/wp\/v2\/media?parent=124891"}],"wp:term":[{"taxonomy":"category","embeddable":true,"href":"https:\/\/www.cronacaonline.it\/index.php\/wp-json\/wp\/v2\/categories?post=124891"},{"taxonomy":"post_tag","embeddable":true,"href":"https:\/\/www.cronacaonline.it\/index.php\/wp-json\/wp\/v2\/tags?post=124891"}],"curies":[{"name":"wp","href":"https:\/\/api.w.org\/{rel}","templated":true}]}}