{"id":124881,"date":"2016-03-27T10:32:59","date_gmt":"2016-03-27T08:32:59","guid":{"rendered":"http:\/\/www.cronacaonline.it\/public\/content\/?p=124881"},"modified":"2016-03-27T10:32:59","modified_gmt":"2016-03-27T08:32:59","slug":"bruxelles-e-un-reporter-il-terzo-attentatore-dello-zaventem-algerino-arrestato-a-salerno","status":"publish","type":"post","link":"https:\/\/www.cronacaonline.it\/index.php\/2016\/03\/27\/bruxelles-e-un-reporter-il-terzo-attentatore-dello-zaventem-algerino-arrestato-a-salerno\/","title":{"rendered":"Bruxelles. \u00c8 un reporter il terzo attentatore dello Zaventem. Algerino arrestato a Salerno"},"content":{"rendered":"<p>Bruxelles (Belgio), 27 Mar 2016 - Il mosaico dell'universo jihadista che ha messo a segno le stragi di Parigi e Bruxelles si va via via componendo. Il 'terzo uomo' dell'attacco all'aeroporto Zaventem non \u00e8 pi\u00f9 uno sconosciuto in fuga, ma \u00e8 stato identificato in Fay\u00e7al Cheffou, giornalista freelance radicalizzato. \u00c8 stato il tassista che ha accompagnato il commando in aeroporto a riconoscerlo. Cheffou ora \u00e8 in carcere con l'accusa di aver partecipato alla strage del 22 marzo.\u00a0\u00a0Mappe e disegni dello scalo belga sono spuntate in un\u00a0appartamento usato ad Atene da Abbaoud, la 'mente' di Parigi, a conferma del fatto che gli uomini e i piani degli attentati in Francia e in Belgio fossero collegati tra loro. Verso sera, la notizia dell'arresto, a Salerno, di un algerino collegato agli stragisti.<\/p>\n<p>Djamal Eddine Ouali, algerino\u00a0di 40 anni, era ricercato in Belgio in quanto fornitore di falsi documenti a due dei 'cervelli' di Parigi e Bruxelles:\u00a0Salah\u00a0Abdelslam, il ricercato numero uno per quattro mesi, arrestato a Bruxelles la scorsa settimana, e Najim Laachroui, uno dei due kamikaze che si \u00e8 fatto saltare per aria a Zaventem.<\/p>\n<p>Intanto a Bruxelles, per motivi di sicurezza, viene cancellata una marcia 'contro la paura' che si sarebbe dovuta tenere domani. I ministri di interni e giustizia hanno chiesto agli organizzatori di rinviarla perch\u00e9 la polizia \u00e8 tutta impegnata nelle operazioni antiterrorismo e non pu\u00f2 garantirne la sicurezza.<\/p>\n<p>Cheffou, \u00e8 stato fermato gioved\u00ec sera. Nonostante sembra aver negato ogni accusa, al termine dell'interrogatorio la procura ha confermato il suo arresto: affiliazione a un gruppo terroristico, omicidio e tentato omicidio a scopo terroristico. Non \u00e8 chiaro il suo ruolo nel commando, e resta quindi sconosciuto il motivo della fuga appena dopo che i suoi complici si sono fatti saltare in aria nella hall dell'aeroporto. Quel che \u00e8 certo \u00e8 che \u00e8 stato con loro nel tragitto da Schaerbeek a Zaventem, come ha testimoniato l'autista del taxi che li ha accompagnati e grazie al quale \u00e8 stato identificato con certezza. Giornalista freelance, una copertura perfetta secondo gli esperti, Cheffou era noto alle autorit\u00e0 cos\u00ec come quasi tutti gli altri membri della cellula che ha portato la morte a Parigi e Bruxelles. Il sindaco di Bruxelles, Yvan Mayeur, aveva segnalato pi\u00f9 volte alle autorit\u00e0 competenti il suo \"attivismo pericoloso\" e il \"tentativo di reclutare membri per il suo movimento radicale\" nel parco Maximilien, nella zona di confine tra Molenbeek e Bruxelles-centro.<\/p>\n<p>La procura ha anche convalidato l'arresto dell'uomo ferito ad una gamba ieri a Schaerbeek, il 'pesce grosso' come lo hanno definito i media belgi. In effetti, la sua storia parla da sola: \u00e8 Abderahman Ameroud, origini algerine, condannato nel 2005 a sette anni di carcere per complicit\u00e0 nell'omicidio del comandante afghano Ahmad Shah Massoud, noto con il soprannome di 'Leone del Panjshir', leader della lotta contro i talebani che venne ucciso un giorno prima degli attentati dell'11 settembre 2001 a Takhar. Ameroud non \u00e8 collegato direttamente ai fatti di Bruxelles ma \u00e8 legato al francese arrestato due giorni fa ad Argenteuil nella sua casa-arsenale, mentre preparava un attentato. Il francese, Reda Kriket, \u00e8 a sua volta collegato ad Abbaoud, essendo colui che lo ha 'reclutato' e mandato in Siria. Abbaoud aveva un ruolo chiave, forse il pi\u00f9 importante di tutti i membri della cellula finora schedati. Ed era molto probabilmente implicato anche nella preparazione degli attentati di Bruxelles, visto che nell'appartamento ad Atene dove ha soggiornato a gennaio 2015 sono stati ritrovati disegni ed una mappa dell'aeroporto di Bruxelles su un computer e una chiavetta USB. Intanto, ad aggravare la posizione dell'antiterrorismo belga, la Cnn ha reso noto che uno dei kamikaze, del 22 marzo, Ibrahim El Bakraoui, figurava su una lista dell'antiterrorismo americano fin da prima degli attacchi a Parigi dello scorso 13 novembre.<\/p>\n","protected":false},"excerpt":{"rendered":"<p>Bruxelles (Belgio), 27 Mar 2016 &#8211; Il mosaico dell&#8217;universo jihadista che ha messo a segno le stragi di Parigi e Bruxelles si va via via&#8230;<\/p>\n","protected":false},"author":2,"featured_media":124882,"comment_status":"closed","ping_status":"closed","sticky":false,"template":"","format":"standard","meta":[],"categories":[49,50],"tags":[],"_links":{"self":[{"href":"https:\/\/www.cronacaonline.it\/index.php\/wp-json\/wp\/v2\/posts\/124881"}],"collection":[{"href":"https:\/\/www.cronacaonline.it\/index.php\/wp-json\/wp\/v2\/posts"}],"about":[{"href":"https:\/\/www.cronacaonline.it\/index.php\/wp-json\/wp\/v2\/types\/post"}],"author":[{"embeddable":true,"href":"https:\/\/www.cronacaonline.it\/index.php\/wp-json\/wp\/v2\/users\/2"}],"replies":[{"embeddable":true,"href":"https:\/\/www.cronacaonline.it\/index.php\/wp-json\/wp\/v2\/comments?post=124881"}],"version-history":[{"count":0,"href":"https:\/\/www.cronacaonline.it\/index.php\/wp-json\/wp\/v2\/posts\/124881\/revisions"}],"wp:featuredmedia":[{"embeddable":true,"href":"https:\/\/www.cronacaonline.it\/index.php\/wp-json\/wp\/v2\/media\/124882"}],"wp:attachment":[{"href":"https:\/\/www.cronacaonline.it\/index.php\/wp-json\/wp\/v2\/media?parent=124881"}],"wp:term":[{"taxonomy":"category","embeddable":true,"href":"https:\/\/www.cronacaonline.it\/index.php\/wp-json\/wp\/v2\/categories?post=124881"},{"taxonomy":"post_tag","embeddable":true,"href":"https:\/\/www.cronacaonline.it\/index.php\/wp-json\/wp\/v2\/tags?post=124881"}],"curies":[{"name":"wp","href":"https:\/\/api.w.org\/{rel}","templated":true}]}}