{"id":124710,"date":"2016-03-23T14:16:10","date_gmt":"2016-03-23T13:16:10","guid":{"rendered":"http:\/\/www.cronacaonline.it\/public\/content\/?p=124710"},"modified":"2016-03-23T14:16:10","modified_gmt":"2016-03-23T13:16:10","slug":"consiglio-sardegna-prosegue-lesame-della-manovra-finanziaria-2016-18","status":"publish","type":"post","link":"https:\/\/www.cronacaonline.it\/index.php\/2016\/03\/23\/consiglio-sardegna-prosegue-lesame-della-manovra-finanziaria-2016-18\/","title":{"rendered":"Consiglio Sardegna \u2013 Prosegue l\u2019esame della manovra finanziaria 2016-18."},"content":{"rendered":"<p>Cagliari 23 Mar 2016 \u2013 La seduta si \u00e8 aperta sotto la presidenza del presidente Gianfranco Ganau. Dopo la formalit\u00e0 di rito, il Consiglio ha proseguito l\u2019esame dell\u2019ordine del giorno con la discussione dell\u2019art.3 (Disposizioni nel settore ambientale e del territorio) del Dl n.297 (Disposizioni per la formazione del bilancio di previsione 2016 e per gli anni 2016-2018 \u2013 Legge di Stabilit\u00e0 2016 e relativi allegati).<\/p>\n<p>Il capogruppo di Forza Italia Pietro Pittalis, prendendo la parola sull\u2019ordine dei lavori, ha ricordato che \u00aboggi di discutono le politiche ambientali, sarebbe perci\u00f2 utile e necessaria la presenza dell\u2019assessore Spano al quale dobbiamo sottoporre alcune questioni specifiche di grande importanza\u00bb.<\/p>\n<p>Il presidente Ganau si \u00e8 riservato di provvedere alla richiesta.<\/p>\n<p>La commissione e la Giunta hanno espresso il parere di competenza sugli emendamenti presentati.<\/p>\n<p>Il consigliere Mario Floris (Misto), citando l\u2019art.70 del Regolamento, ha ricordato che i membri della Giunta devono essere presenti in Aula durante le sedute; \u00abnon facciamo forzature ma il Regolamento va rispettato\u00bb.<\/p>\n<p>Il presidente Ganau ha comunicato che inoltrer\u00e0 la richiesta al presidente della Giunta.<\/p>\n<p>Il vice capogruppo di Forza Italia Marco Tedde ha affermato che \u00abl\u2019opposizione si trova in grande difficolt\u00e0 a discutere l\u2019articolo senza l\u2019assessore, anche perch\u00e9 si tratta di un testo ponderoso e complesso che contiene politiche di grande interesse, per cui il confronto in Aula \u00e8 indispensabile, ferme restando le competenze dell\u2019assessore Paci\u00bb. Tedde ha chiesto infine la sospensione dell\u2019esame dell\u2019art.3 ed il passaggio a quello successivo.<\/p>\n<p>Il presidente Ganau ha ricordato che, in presenza di una proposta formale, si deve pronunciare l\u2019Aula.<\/p>\n<p>Il vice capogruppo di Forza Italia Alessandra Zedda ha lamentato che \u00absituazioni particolari sono diventate nel tempo un modus operandi, rendendo di fatto impossibile un confronto con gli assessori in sede di finanziaria; stiamo parlando di interventi che in cifre valgono qualcosa come 500 milioni di euro, ci sono molte parti da approfondire e almeno queste devono essere discusse alla presenza dell\u2019assessore\u00bb.<\/p>\n<p>Il consigliere dell\u2019Udc Giorgio Oppi ha osservato che, guardando gli atti del Consiglio si rileva costantemente l\u2019assenza degli assessori; \u00e8 una questione di principio la cui definizione rientra nella competenza del presidente dell\u2019Assemblea che, fra l\u2019altro, provvede a convocare formalmente i componenti della Giunta\u00bb.<\/p>\n<p>Il presidente Ganau ha quindi sospeso la seduta in attesa dell\u2019arrivo dell\u2019assessore dell\u2019Ambiente Donatella Spano.<\/p>\n<p>Alla ripresa dei lavori il Consiglio ha proseguito la discussione dell\u2019art.3.<\/p>\n<p>Il consigliere Edoardo Tocco (Forza Italia) ha sottolineato che \u00absi tratta di un argomento molto concreto per la vita e le tasche dei cittadini oltre che degli Enti locali, sia per i problemi riguardanti l\u2019igiene del suolo ed il trattamento dei rifiuti, sia per la situazione della differenziata che per molti comuni \u00e8 negativa; la Regione deve quindi mettere a punto una strategia diversa che riguardi anche gli eco centri comunali, strutture importanti per il futuro e soprattutto per i materiali ingombranti\u00bb. Una strategia nuova che per\u00f2, secondo Tocco, \u00abrichiede per\u00f2 serve una mappatura aggiornata e scelte pi\u00f9 razionali sull\u2019ubicazione alcuni siti nei centri urbani, a cominciare da Cagliari, dove fra l\u2019altro i cittadini pagano la Tarsu pi\u00f9 cara d\u2019Italia\u00bb.<\/p>\n<p>Il vice capogruppo di Forza Italia Alessandra Zedda, dopo aver sottolineato positivamente la presenza in Aula dell\u2019assessore Maninchedda \u00abche ha competenze precise rispetto al testo in discussione\u00bb, ha messo l\u2019accento sul fatto che l\u2019articolo sulle politiche ambientali prevede \u00ab454 milioni di investimenti, dalle bonifiche alle aree sic, dalle politiche forestali all\u2019adattamento climatico, dalla gestione alla prevenzione di rischi idro-geologici\u00bb. Per quest\u2019ultimo aspetto, ha osservato la Zedda, \u00absarebbe stato meglio avere un piano dettagliato con i risultati delle due finanziarie precedenti\u00bb.<\/p>\n<p>Il consigliere Gianni Tatti (Udc) ha evidenziato che quello in discussione \u00ab\u00e8 un argomento di grande importanza per i territori a cominciare dai tetti per la raccolta differenziata, a condizione per\u00f2 che si faccia un ragionamento serio per le realt\u00e0 che faticano ad arrivare ai risultati programmati, e che si consideri la necessit\u00e0 di arrivare ad una tariffa unica anche per lo smaltimento dei rifiuti, superando i problemi di chi ha siti lontani e deve pagare anche il trasporto\u00bb.<\/p>\n<p>Il consigliere Antonio Solinas (Pd) ha affermato che l\u2019art.3 rappresenta \u00abuna risposta coerente con le politiche innovative della Giunta perch\u00e9 si riprende a credere nella raccolta differenziata attraverso azioni concrete che, fra l\u2019altro, determineranno meno polemiche sui territori sugli inceneritori\u00bb. Speriamo di arrivare alla tariffa unica entro quest\u2019anno, ha auspicato Solinas, aggiungendo che \u00absugli eco centri che chiudono il ciclo dei rifiuti la Regione ha fatto sforzi notevoli in questi anni per\u00f2 non c\u2019\u00e8 nulla per il 2016 e riteniamo che la situazione, anche per quest\u2019anno, abbia bisogno di un segnale, che abbiamo concretizzato in un emendamento\u00bb.<\/p>\n<p>So che l\u2019assessorato dei Lavori pubblici si sta occupando della materia, ha detto ancora il presidente della commissione Governo del territorio, \u00abnon sono questioni semplici ma ritengo che la Giunta debba chiedere all\u2019Enel di mantenere i suoi impegni e possa quindi decidere su strutture che non possono produrre reddito solo per l\u2019Enel\u00bb.<\/p>\n<p>Ha quindi preso la parola il capogruppo dei Riformatori Attilio Dedoni che ha criticato l\u2019impostazione dell\u2019articolo 3. \u00abSi parla di particolari sistemi di tutela per il territorio poi ci si accorge che i siti meritevoli di protezione integrale vengono invasi da immondezzai e non si fa niente per risolvere il problema. Mi spaventa quando si affronta una questione di tale portata con leggerezza\u00bb. Segue<\/p>\n","protected":false},"excerpt":{"rendered":"<p>Cagliari 23 Mar 2016 \u2013 La seduta si \u00e8 aperta sotto la presidenza del presidente Gianfranco Ganau. Dopo la formalit\u00e0 di rito, il Consiglio ha&#8230;<\/p>\n","protected":false},"author":2,"featured_media":28980,"comment_status":"closed","ping_status":"closed","sticky":false,"template":"","format":"standard","meta":[],"categories":[49,52],"tags":[],"_links":{"self":[{"href":"https:\/\/www.cronacaonline.it\/index.php\/wp-json\/wp\/v2\/posts\/124710"}],"collection":[{"href":"https:\/\/www.cronacaonline.it\/index.php\/wp-json\/wp\/v2\/posts"}],"about":[{"href":"https:\/\/www.cronacaonline.it\/index.php\/wp-json\/wp\/v2\/types\/post"}],"author":[{"embeddable":true,"href":"https:\/\/www.cronacaonline.it\/index.php\/wp-json\/wp\/v2\/users\/2"}],"replies":[{"embeddable":true,"href":"https:\/\/www.cronacaonline.it\/index.php\/wp-json\/wp\/v2\/comments?post=124710"}],"version-history":[{"count":0,"href":"https:\/\/www.cronacaonline.it\/index.php\/wp-json\/wp\/v2\/posts\/124710\/revisions"}],"wp:featuredmedia":[{"embeddable":true,"href":"https:\/\/www.cronacaonline.it\/index.php\/wp-json\/"}],"wp:attachment":[{"href":"https:\/\/www.cronacaonline.it\/index.php\/wp-json\/wp\/v2\/media?parent=124710"}],"wp:term":[{"taxonomy":"category","embeddable":true,"href":"https:\/\/www.cronacaonline.it\/index.php\/wp-json\/wp\/v2\/categories?post=124710"},{"taxonomy":"post_tag","embeddable":true,"href":"https:\/\/www.cronacaonline.it\/index.php\/wp-json\/wp\/v2\/tags?post=124710"}],"curies":[{"name":"wp","href":"https:\/\/api.w.org\/{rel}","templated":true}]}}