{"id":124606,"date":"2016-03-21T19:19:07","date_gmt":"2016-03-21T18:19:07","guid":{"rendered":"http:\/\/www.cronacaonline.it\/public\/content\/?p=124606"},"modified":"2016-03-21T19:19:07","modified_gmt":"2016-03-21T18:19:07","slug":"primavera-delluniversita-assessore-firino-diritto-allo-studio-battaglia-comune-per-garantire-sviluppo-dellisola","status":"publish","type":"post","link":"https:\/\/www.cronacaonline.it\/index.php\/2016\/03\/21\/primavera-delluniversita-assessore-firino-diritto-allo-studio-battaglia-comune-per-garantire-sviluppo-dellisola\/","title":{"rendered":"\u201cPrimavera dell\u2019universit\u00e0\u201d. Assessore Firino: \u201cdiritto allo studio battaglia comune per garantire sviluppo dell\u2019isola\u201d"},"content":{"rendered":"<p>Cagliari, 21 Mar 2016 \u2013\u00a0\u201cRegione, Universit\u00e0 e societ\u00e0 civile combattono unite la stessa battaglia per il diritto all\u2019alta formazione. Il corteo di\u00a0oggi, che ha visto sfilare con convinzione anche persone che non hanno intrapreso questo percorso di studi nella loro vita, dimostra che si tratta di una battaglia comune, che riguarda tutti, poich\u00e9 solo l\u2019istruzione e l\u2019eccellenza possono portare miglioramento e sviluppo per la nostra isola\u201d. A dirlo questo pomeriggio nell\u2019Aula Magna del Palazzo dell\u2019Universit\u00e0 \u00e8 l\u2019assessore della Pubblica Istruzione Claudia Firino, nella giornata dedicata alla \"Primavera\u00a0dell'Universit\u00e0\", momento di riflessione sul sistema, indetta in tutti gli Atenei dalla Conferenza dei Rettori delle Universit\u00e0 italiane.<\/p>\n<p>\u201cA dimostrazione del fatto che quella per il diritto allo studio sia una battaglia comune \u2013 ha proseguito Firino \u2013 \u00e8 la mia presenza di due settimane fa a Roma, dal ministro Stefania Giannini, insieme al Presidente Pigliaru e ai Rettori dell\u2019Universit\u00e0 di Cagliari e Sassari. Abbiamo portato il grido d\u2019orgoglio dei nostri Atenei, che sono in grado di operare allo stesso livello degli altri, se messi in condizioni d\u2019equit\u00e0 e parit\u00e0, ci\u00f2 che noi da tempo rivendichiamo\u201d.<\/p>\n<p>L\u2019assessore Firino ha precisato di non aver chiesto un trattamento di favore al Ministro, ma che venisse presa in considerazione la specificit\u00e0 della Sardegna \u201cche esiste e non pu\u00f2 essere negata \u2013 ha affermato \u2013 e deve essere misurata nel momento delle decisioni importanti, perch\u00e9 non si creino disparit\u00e0 a danno dei nostri studenti e del futuro della nostra isola. Per questo motivo le promesse di revisione delle soglie Isee e Ispe non sono una risposta sufficiente davanti ai dati allarmanti che registriamo sul diritto allo studio\u201d.<\/p>\n<p>L\u2019esponente della Giunta ha concluso il suo intervento con l\u2019auspicio che la collaborazione tra Regione e Universit\u00e0 conduca presto a un risultato soddisfacente per mettere gli studenti sardi in condizione di parit\u00e0 rispetto ai colleghi delle altre regioni d\u2019Italia.<\/p>\n","protected":false},"excerpt":{"rendered":"<p>Cagliari, 21 Mar 2016 \u2013\u00a0\u201cRegione, Universit\u00e0 e societ\u00e0 civile combattono unite la stessa battaglia per il diritto all\u2019alta formazione. Il corteo di\u00a0oggi, che ha visto&#8230;<\/p>\n","protected":false},"author":2,"featured_media":115396,"comment_status":"closed","ping_status":"closed","sticky":false,"template":"","format":"standard","meta":[],"categories":[49,52],"tags":[],"_links":{"self":[{"href":"https:\/\/www.cronacaonline.it\/index.php\/wp-json\/wp\/v2\/posts\/124606"}],"collection":[{"href":"https:\/\/www.cronacaonline.it\/index.php\/wp-json\/wp\/v2\/posts"}],"about":[{"href":"https:\/\/www.cronacaonline.it\/index.php\/wp-json\/wp\/v2\/types\/post"}],"author":[{"embeddable":true,"href":"https:\/\/www.cronacaonline.it\/index.php\/wp-json\/wp\/v2\/users\/2"}],"replies":[{"embeddable":true,"href":"https:\/\/www.cronacaonline.it\/index.php\/wp-json\/wp\/v2\/comments?post=124606"}],"version-history":[{"count":0,"href":"https:\/\/www.cronacaonline.it\/index.php\/wp-json\/wp\/v2\/posts\/124606\/revisions"}],"wp:featuredmedia":[{"embeddable":true,"href":"https:\/\/www.cronacaonline.it\/index.php\/wp-json\/"}],"wp:attachment":[{"href":"https:\/\/www.cronacaonline.it\/index.php\/wp-json\/wp\/v2\/media?parent=124606"}],"wp:term":[{"taxonomy":"category","embeddable":true,"href":"https:\/\/www.cronacaonline.it\/index.php\/wp-json\/wp\/v2\/categories?post=124606"},{"taxonomy":"post_tag","embeddable":true,"href":"https:\/\/www.cronacaonline.it\/index.php\/wp-json\/wp\/v2\/tags?post=124606"}],"curies":[{"name":"wp","href":"https:\/\/api.w.org\/{rel}","templated":true}]}}