{"id":124541,"date":"2016-03-21T08:00:33","date_gmt":"2016-03-21T07:00:33","guid":{"rendered":"http:\/\/www.cronacaonline.it\/public\/content\/?p=124541"},"modified":"2016-03-21T08:00:33","modified_gmt":"2016-03-21T07:00:33","slug":"incidente-bus-in-catalogna-la-farnesina-sette-italiane-tra-le-13-ragazze-morte","status":"publish","type":"post","link":"https:\/\/www.cronacaonline.it\/index.php\/2016\/03\/21\/incidente-bus-in-catalogna-la-farnesina-sette-italiane-tra-le-13-ragazze-morte\/","title":{"rendered":"Incidente bus in Catalogna, la Farnesina: sette italiane tra le 13 ragazze morte"},"content":{"rendered":"<p>Spagna, 21 Mar 2016 - La comunicazione del ministero degli Esteri \u00e8 arrivata con un tweet: ci sono vittime italiane tra i tredici morti nell'incidente del bus in Catalogna. Sempre secondo la Farnesina, si tratterebbe di sette studentesse, ma sul numero manca la conferma delle autorit\u00e0 spagnole. L'Ansa riporta che una delle studentesse italiane morte\u00a0nell'incidente del bus in Catalogna si chiama Valentina Gallo 22enne di Firenze iscritta alla facolt\u00e0 di Economia. La famiglia della giovane \u00e8 gi\u00e0 sul posto.\u00a0Il\u00a0console italiano a Barcellona, intanto, continua le verifiche negli\u00a0ospedali e l'unit\u00e0 di crisi della Farnesina presta assistenza alle famiglie\u00a0interessate.<\/p>\n<p>Il bus con a bordo\u00a057 passeggeri - quasi tutti\u00a0studenti Erasmus e di 22 nazionalit\u00e0 diverse\u00a0- \u00e8 uscito di strada scontrandosi con un'auto alle sei del mattino di ieri in Catalogna (Spagna). La causa dell'incidente potrebbe essere attribuita ad \"un errore umano\", ha dichiarato \u200bJordi Can\u00e8, ministro degli Interni del governo catalano. I feriti sarebbero 34, tre sono considerati \"molto gravi\", 9\u00a0\"gravi\", 22 \"non gravi\".<\/p>\n<p>Sono due le studentesse di\u00a0Farmacia dell'Universit\u00e0 di Torino coinvolte nell'incidente.\u00a0Una \u00e8 Annalisa Riba, 22 anni il prossimo giugno.\u00a0\u00a0\u00c8 stata proprio la ragazza a chiamare i genitori questa\u00a0mattina per rassicurarli: \"Sono viva\", ha detto loro al\u00a0telefono. Il padre, commercialista torinese, e la madre, sono\u00a0partiti per raggiungerla. La famiglia \u00e8 originaria di Dronero,\u00a0nel Cuneese.\u00a0Annalisa Riba \u00e8 ricoverata all'ospedale di Tarragona, ma non\u00a0sarebbe in pericolo di vita. L'altra, Serena Saracino, 23 anni tra una settimana, verserebbe in gravi condizioni, per tutto il giorno l'universit\u00e0 e la\u00a0famiglia hanno tentato di mettersi in contatto con la giovane\u00a0senza per\u00f2 riuscirci.<\/p>\n<p>Tre le ragazze toscane che erano a bordo del pullman. La ventiduenne di Firenze\u00a0Valentina Gallo, la prima vittima italiana, la\u00a0ventunenne di\u00a0Gavorrano (Grosseto)\u00a0Elena Maestrini\u00a0che risulta tra i feriti e una ventiduenne studentessa della facolt\u00e0 di Economia, abitante a Greve\u00a0in Chianti (Firenze), di cui al momento non si hanno informazioni: di\u00a0lei si sa che era sul pullman ma non si conoscono le condizioni.\u00a0I familiari, che non riuscivano a contattarla, hanno deciso di\u00a0partire per la Spagna.<\/p>\n<p>L'elenco ufficiale della\u00a0nazionalit\u00e0 delle 13 ragazze morte potrebbe non essere reso nota\u00a0prima di domani, per i tempi lunghi dell'identificazione e\u00a0dell'informazione delle famiglie all'estero. In serata i 27\u00a0medici legali avevano ultimato le autopsie di 11 delle ragazze\u00a0morte. Inoltre, molti studenti non avevano preso\u00a0documenti per la breve gita a Valencia e alcune delle vittime\u00a0erano difficilmente riconoscibili.<\/p>\n<p>Fra i 34\u00a0feriti ricoverati negli ospedali di Tortosa, Tarragona e\u00a0Barcellona ci sono anche cinque italiani. Di questi, tre ragazze\u00a0e un ragazzo, secondo fonti del ministero degli Interni\u00a0catalano. Tre sarebbero \"non gravi\", una ragazza \u00e8 in condizioni\u00a0definite \"gravi\", mentre non si conoscono le condizioni del\u00a0quinto. Due giovani italiani che si\u00a0trovavano a bordo del bus\u00a0\"stanno bene\", si \u00e8 appreso da fonti informate. I\u00a0due giovani, di cui non \u00e8 stato reso noto se siano ragazzi\u00a0o ragazze, hanno ricevuto la visita del Console generale\u00a0d'Italia a Barcellona Stefano Nicoletti.<\/p>\n<p>\"Ho il cuore spezzato per le vittime italiane e per le altre giovani vite distrutte nell'incidente in spagna\", commenta su Twitter il presidente del Consiglio Matteo Renzi. \u00a0Anche\u00a0il ministro degli Esteri, Paolo Gentiloni, affida a Twitter il suo messaggio:\"Terribile bilancio incidente stradale in Catalogna. Mi unisco al dolore delle famiglie\".<\/p>\n<p>Secondo quanto riportato dai media locali gli studenti coinvolti\u00a0nell'incidente sono di 22 nazionalit\u00e0 diverse: Italia,\u00a0Per\u00f9, Bulgaria,\u00a0Polonia, Irlanda, Olanda, Belgio, Palestina, Giappone, Ucraina,\u00a0Repubblica Ceca, Nuova Zelanda, Regno Unito, Ungheria,\u00a0Germania, Svezia, Turchia, Grecia, Finlandia, Norvegia e\u00a0Svizzera.<\/p>\n<p>L'incidente potrebbe essere attribuito ad un errore umano. \u00c8 avvenuto attorno alle 6 del mattino sull'autostrada AP-7 che collega Valencia a Barcellona, all'altezza del km 333, nei pressi di Tarragona, un punto dove gli incidenti sono frequenti. \u00a0Il bus sarebbe finito nella carreggiata opposta dove si \u00e8 scontrato con un'auto.<\/p>\n<p>L'autista del pullman, un uomo di 47 anni con 17 anni di servizio nella Ditta Autocare Alejandro, \u00e8 sopravvissuto ed \u00e8 ora in stato di fermo. \u00c8 risultato negativo al controllo per droga e alcol.\u00a0 Il pullman rientrava da una gita organizzata dall'European Students Network a Valencia per la festa tradizionale delle Fallas. Faceva parte di un convoglio di cinque autobus.<\/p>\n","protected":false},"excerpt":{"rendered":"<p>Spagna, 21 Mar 2016 &#8211; La comunicazione del ministero degli Esteri \u00e8 arrivata con un tweet: ci sono vittime italiane tra i tredici morti nell&#8217;incidente&#8230;<\/p>\n","protected":false},"author":2,"featured_media":124542,"comment_status":"closed","ping_status":"closed","sticky":false,"template":"","format":"standard","meta":[],"categories":[49,50],"tags":[],"_links":{"self":[{"href":"https:\/\/www.cronacaonline.it\/index.php\/wp-json\/wp\/v2\/posts\/124541"}],"collection":[{"href":"https:\/\/www.cronacaonline.it\/index.php\/wp-json\/wp\/v2\/posts"}],"about":[{"href":"https:\/\/www.cronacaonline.it\/index.php\/wp-json\/wp\/v2\/types\/post"}],"author":[{"embeddable":true,"href":"https:\/\/www.cronacaonline.it\/index.php\/wp-json\/wp\/v2\/users\/2"}],"replies":[{"embeddable":true,"href":"https:\/\/www.cronacaonline.it\/index.php\/wp-json\/wp\/v2\/comments?post=124541"}],"version-history":[{"count":0,"href":"https:\/\/www.cronacaonline.it\/index.php\/wp-json\/wp\/v2\/posts\/124541\/revisions"}],"wp:featuredmedia":[{"embeddable":true,"href":"https:\/\/www.cronacaonline.it\/index.php\/wp-json\/wp\/v2\/media\/124542"}],"wp:attachment":[{"href":"https:\/\/www.cronacaonline.it\/index.php\/wp-json\/wp\/v2\/media?parent=124541"}],"wp:term":[{"taxonomy":"category","embeddable":true,"href":"https:\/\/www.cronacaonline.it\/index.php\/wp-json\/wp\/v2\/categories?post=124541"},{"taxonomy":"post_tag","embeddable":true,"href":"https:\/\/www.cronacaonline.it\/index.php\/wp-json\/wp\/v2\/tags?post=124541"}],"curies":[{"name":"wp","href":"https:\/\/api.w.org\/{rel}","templated":true}]}}