{"id":124491,"date":"2016-03-19T11:31:30","date_gmt":"2016-03-19T10:31:30","guid":{"rendered":"http:\/\/www.cronacaonline.it\/public\/content\/?p=124491"},"modified":"2016-03-19T11:31:30","modified_gmt":"2016-03-19T10:31:30","slug":"salah-abdeslam-lascia-lospedale-attesa-per-linterrogatorio-della-mente-delle-stragi-di-parigi","status":"publish","type":"post","link":"https:\/\/www.cronacaonline.it\/index.php\/2016\/03\/19\/salah-abdeslam-lascia-lospedale-attesa-per-linterrogatorio-della-mente-delle-stragi-di-parigi\/","title":{"rendered":"Salah Abdeslam lascia l&#8217;ospedale. Attesa per l&#8217;interrogatorio della mente delle stragi di Parigi"},"content":{"rendered":"<p>Bruxelles (Belgio), 19 Mar 2016 - Il 19 marzo 2016 Salah Abdeslam e il suo complice Amine\u00a0Choukri, i due presunti terroristi legati alle stragi di Parigi,\u00a0hanno lasciato questa mattina attorno alle 8 l'ospedale Saint\u00a0Pierre di Bruxelles, dove erano stati ricoverati dopo la cattura\u00a0ieri. Lo ha indicato il portavoce dell'ospedale, citato dal sito\u00a0della tv belga Rtbf, che conferma l'informazione diffusa su\u00a0Twitter del sindaco di Bruxelles, Yvan Mayeur.<\/p>\n<p>Secondo il sito belga la Derniere Heure i due uomini sono stati\u00a0trasferiti nei locali della polizia giudiziaria federale belga,\u00a0in Avenue de la Couronne, dover saranno interrogati dagli\u00a0inquirenti. Dovranno poi comparire davanti al giudice al pi\u00f9\u00a0tardi entro domani pomeriggio. In Belgio il fermo prima della\u00a0convalida dell'arresto ha una durata di sole 24 ore.<\/p>\n<p><img loading=\"lazy\" class=\"size-medium wp-image-124492 alignleft\" src=\"https:\/\/www.cronacaonline.it\/wp-content\/uploads\/2016\/03\/la-cattura-i-belgio-della-mente-delle-stragi-di-parigi-1-300x161.jpg\" alt=\"la cattura i belgio della mente delle stragi di parigi\" width=\"300\" height=\"161\" srcset=\"https:\/\/www.cronacaonline.it\/wp-content\/uploads\/2016\/03\/la-cattura-i-belgio-della-mente-delle-stragi-di-parigi-1-300x161.jpg 300w, https:\/\/www.cronacaonline.it\/wp-content\/uploads\/2016\/03\/la-cattura-i-belgio-della-mente-delle-stragi-di-parigi-1.jpg 600w\" sizes=\"(max-width: 300px) 100vw, 300px\" \/>Il 26enne\u00a0terrorista ritenuto l'organizzatore degli attentati del 13\u00a0novembre e che era tornato gi\u00e0 all'indomani delle stragi nella\u00a0capitale belga, \u00e8 stato arrestato insieme ad altri quattro\u00a0complici nel corso di tre perquisizioni a Molenbeek.\u00a0Il\u00a0francese di origine marocchina che era in fuga da 126 giorni. Ha utilizzato nel corso degli ultimi quattro mesi\u00a0un falso passaporto siriano, con il nome di Monir Ahmed Alaaj,\u00a0e una falsa carta di identit\u00e0, con il nome di Amine Choukri.\u00a0Sono stati arrestati anche tre membri della famiglia che lo ha\u00a0ospitato nel quartiere\/comune multietnico nel cuore\u00a0dell'Europa, ritenuto un fucina del jihadismo.<\/p>\n<p>Nella notte, Hollande ha dichiarato che le autorit\u00e0\u00a0francesi prepareranno rapidamente la richiesta di estradizione\u00a0del terrorista. \"Su Salah Abdeslam pesava un mandato d'arresto\u00a0europeo. Non ho alcun dubbio che le autorit\u00e0 giudiziarie\u00a0francesi invieranno presto una richiesta di estradizione\" e che\u00a0le autorit\u00e0 belghe risponderanno favorevolmente, \"il pi\u00f9\u00a0rapidamente possibile\", ha detto il capo dell'Eliseo, nel corso\u00a0della conferenza stampa congiunta con il premier belga Charles\u00a0Michel, a Bruxelles, in modo che \"Abdeslam venga processato e giudicato in Francia\".<\/p>\n<p>Hollande ha convocato per stamane all'Eliseo il Consiglio\u00a0di Difesa: all'incontro partecipano tutti i ministri\u00a0responsanbili della sicurezza e i vertici dei servizi segreti.<\/p>\n<p>Il blitz \u00e8 scattato alle 16.40 di oggi in rue des Quatres Vents, a Molenbeek. Le forze speciali hanno circondato la zona, evacuando i residenti e gli alunni di una scuola vicina all'appartamento dove era nascosto Salah. Tre le perquisizioni, lanci di granate lacrimogene, spari ed esplosioni e poi Salah che tenta l'ennesima fuga ma viene 'neutralizzato' sul marciapiede davanti all'abitazione.<\/p>\n<p>La svolta nelle indagini \u00e8 arrivata marted\u00ec quando la polizia belga ha fatto irruzione in un'abitazione di Forest, sobborgo di Bruxelles, che doveva essere vuota ma che invece nascondeva lo stesso Salah e due complici: Mohamed Belkaid, il 35enne algerino rimasto ucciso da un cecchino, che si \u00e8 poi scoperto essere niente altro che Samir Bouzid, l'uomo che forn\u00ec appoggio logistico ai membri del commando jihadista in fuga dopo gli attacchi di Parigi del 13 novembre.<\/p>\n<p>L'identit\u00e0 di 'Bouzid' era presente nelle liste di ricercati di Francia e Belgio da dicembre, quando furono trovate le prove che aveva effettuato un versamento da Bruxelles alla cugina di Abdelhamid Abaaoud, Hasna Ait Boulahcen, morti entrambi nel raid a Saint-Denis del 18 novembre scorso. Nel covo anche Monir Ahmed Alaaj alias Amine Choukri, l'uomo che insieme a Salah marted\u00ec si d\u00e0 alla fuga e che oggi \u00e8 rimasto leggermente ferito nel blitz.<\/p>\n<p>Oggi i media del Belgio hanno annunciato che nell'abitazione di Forest, in rue du Dries, erano state ritrovate le impronte di Salah, forse su un bicchiere. Una fuga di notizie che ha obbligato le forze speciali ad anticipare l'operazione di un giorno, prevista infatti per sabato, per non perdere nuovamente le tracce del ricercato. L'antiterrorismo era infatti a conoscenza di dove si trovava Salah, perch\u00e9 insieme al suo complice, dopo essere fuggiti dal covo di Forest, Abdeslam aveva contattato un uomo sorvegliato da diversi mesi dalla polizia. A tradirlo, forse, anche una soffiata arrivata questa mattina alla polizia da parte di un 'amico'.<\/p>\n<p>Ora Abdeslam e il complice sono sotto custodia, mentre la Procura del Belgio non esclude che i tre membri della famiglia fermati potrebbero essere rilasciati se sar\u00e0 dimostrato che non erano favoreggiatori del jihadista ma sue vittime, obbligate a nasconderlo in casa.<\/p>\n<p>\"I miei pensieri vanno alle famiglie delle vittime di Parigi, perch\u00e9 Salah Abdeslam era direttamente legato alla perpetrazione e all'organizzazione\" degli attentati. Cos\u00ec il presidente francese Fran\u00e7ois Hollande ha accolto la notizia, ringraziando le autorit\u00e0 belghe per la cooperazione e rinnovando una nuova intensa collaborazione contro il terrorismo. \"Dobbiamo prendere tutti coloro che hanno permesso, organizzato o facilitato questi attacchi terroristici di Parigi e ci rendiamo conto che sono molto pi\u00f9 numerosi di quanto pensassimo in precedenza e avevamo identificato\", ha ricordato Hollande.<\/p>\n<p>Il livello di minaccia terroristica rimane quindi alto, non solo in Francia. L'arresto di Salah, ha aggiunto il premier belga Charles Michel, dimostra che \"in Europa dobbiamo affrontare una nuova minaccia terroristica permanente e a prescindere dal livello di allerta dobbiamo restare sempre all'erta e collaborare a livello europeo\".<\/p>\n<p>In serata \u00e8 arrivata anche la telefonata del presidente degli Stati Uniti, Barack Obama, che si \u00e8 congratula con Hollande e Michel per gli arresti. Obama ha lodato il lavoro dei servizi di sicurezza del Belgio e ha sottolineato che gli Usa lottano con Belgio e Francia contro la piaga del terrorismo. \"Una vittoria contro il terrorismo\", l'ha definita il premier belga Charles Michel.<\/p>\n<p>\"Una tappa importante che non \u00e8 la conclusione della vicenda\", ha precisato il presidente francese Fran\u00e7ois Hollande che ha seguito l'operazione direttamente dalla residenza del premier belga in rue de la Loi dove entrambi si sono diretti a seguito del vertice Ue sui migranti, in corso proprio a Bruxelles.<\/p>\n","protected":false},"excerpt":{"rendered":"<p>Bruxelles (Belgio), 19 Mar 2016 &#8211; Il 19 marzo 2016 Salah Abdeslam e il suo complice Amine\u00a0Choukri, i due presunti terroristi legati alle stragi di&#8230;<\/p>\n","protected":false},"author":2,"featured_media":124472,"comment_status":"closed","ping_status":"closed","sticky":false,"template":"","format":"standard","meta":[],"categories":[49,50],"tags":[],"_links":{"self":[{"href":"https:\/\/www.cronacaonline.it\/index.php\/wp-json\/wp\/v2\/posts\/124491"}],"collection":[{"href":"https:\/\/www.cronacaonline.it\/index.php\/wp-json\/wp\/v2\/posts"}],"about":[{"href":"https:\/\/www.cronacaonline.it\/index.php\/wp-json\/wp\/v2\/types\/post"}],"author":[{"embeddable":true,"href":"https:\/\/www.cronacaonline.it\/index.php\/wp-json\/wp\/v2\/users\/2"}],"replies":[{"embeddable":true,"href":"https:\/\/www.cronacaonline.it\/index.php\/wp-json\/wp\/v2\/comments?post=124491"}],"version-history":[{"count":0,"href":"https:\/\/www.cronacaonline.it\/index.php\/wp-json\/wp\/v2\/posts\/124491\/revisions"}],"wp:featuredmedia":[{"embeddable":true,"href":"https:\/\/www.cronacaonline.it\/index.php\/wp-json\/wp\/v2\/media\/124472"}],"wp:attachment":[{"href":"https:\/\/www.cronacaonline.it\/index.php\/wp-json\/wp\/v2\/media?parent=124491"}],"wp:term":[{"taxonomy":"category","embeddable":true,"href":"https:\/\/www.cronacaonline.it\/index.php\/wp-json\/wp\/v2\/categories?post=124491"},{"taxonomy":"post_tag","embeddable":true,"href":"https:\/\/www.cronacaonline.it\/index.php\/wp-json\/wp\/v2\/tags?post=124491"}],"curies":[{"name":"wp","href":"https:\/\/api.w.org\/{rel}","templated":true}]}}