{"id":124450,"date":"2016-03-18T13:06:30","date_gmt":"2016-03-18T12:06:30","guid":{"rendered":"http:\/\/www.cronacaonline.it\/public\/content\/?p=124450"},"modified":"2016-03-18T13:06:30","modified_gmt":"2016-03-18T12:06:30","slug":"quattro-mani-2-3-pianoforti-e-orchestra-comunicato-stampa-del-18-03-2016-al-conservatorio-di-cagliari","status":"publish","type":"post","link":"https:\/\/www.cronacaonline.it\/index.php\/2016\/03\/18\/quattro-mani-2-3-pianoforti-e-orchestra-comunicato-stampa-del-18-03-2016-al-conservatorio-di-cagliari\/","title":{"rendered":"\u00a0&#8220;Quattro mani, 2, 3 pianoforti e orchestra&#8221; Comunicato stampa del 18.03.2016 al Conservatorio di Cagliari."},"content":{"rendered":"<p>Cagliari, 18 Mar 2016 - \"Quattro mani, 2, 3 pianoforti e orchestra\" questo il titolo della nuova produzione del Conservatorio \"G.P. da Palestrina\" di Cagliari che ha avuto un bel successo nelle precedenti serate. Altri sei solisti accompagnati dall'Orchestra degli allievi del Conservatorio per la terza serata, il 22 Marzo 2016 alle 18, Auditorium del Conservatorio. \u00a0Ingresso \u20ac 5.<\/p>\n<p>Questo interessante e innovativo viaggio nel repertorio per pi\u00f9 pianoforti e orchestra si conclude con altre novit\u00e0 per il pubblico. Cambio della guardia nella direzione dei concerti e nuovi ensemble: il primo concerto presentato in questa serata, il Concertino per quattro mani e orchestra di fiati di Maschek, sar\u00e0 diretto dal M\u00b0 Mario Frezzato che coordiner\u00e0 i solisti Jonathan Corda e Martina Stracuzzi con la bella compagine del Palestrina fiati ensemble. Si tratta certamente di una prima esecuzione per la Sardegna di questo \"piccolo gioiello\" compositivo del musicista boemo pi\u00fa famoso, al pari di Mozart. A seguire l'imponente e spettacolare per orchestrazione e compagine Concerto di Max Bruch per due pianoforti e orchestra, solisti Egidio Loi e Samuele Cannas. Conclude la serata in un clima pieno di sonorit\u00e1 nuove e di sorprese una prima esecuzione assoluta \"Elicotrema\" composta per l'occasione da Matteo Casula che sar\u00e0 anche al primo pianoforte in compagnia del collega Federico Melis. Dirige il M\u00b0 Aldo Tarchetti.<\/p>\n<p>\"Quattro mani, 2,3 pianoforti e orchestra\"\u00a0\u00a0 \u00e8 un progetto che nasce dal desiderio\/necessit\u00e0 di offrire al pubblico un repertorio bello, nuovo e accattivante che difficilmente fa parte delle programmazioni degli enti concertistici. \u00c8 un'occasione professionalizzante per i giovani musicisti che si cimentano con produzioni cos\u00ec nuove e diverse e al tempo stesso un modo per entrare nella contemporaneit\u00e0 con la commissione ai compositori di opere nuove da tenere a battesimo. Lo svecchiamento dei logori e paludati programmi da concerto \u00e8 un obiettivo fondamentale per una scuola di Alta Formazione che si vuole e deve proporre come guida vitale nel mondo musicale. Cosa c'\u00e8 di meglio che coinvolgere in questo progetto i talentuosi ed entusiasti giovani del Conservatorio?<\/p>\n","protected":false},"excerpt":{"rendered":"<p>Cagliari, 18 Mar 2016 &#8211; &#8220;Quattro mani, 2, 3 pianoforti e orchestra&#8221; questo il titolo della nuova produzione del Conservatorio &#8220;G.P. da Palestrina&#8221; di Cagliari&#8230;<\/p>\n","protected":false},"author":2,"featured_media":123178,"comment_status":"closed","ping_status":"closed","sticky":false,"template":"","format":"standard","meta":[],"categories":[49,54],"tags":[],"_links":{"self":[{"href":"https:\/\/www.cronacaonline.it\/index.php\/wp-json\/wp\/v2\/posts\/124450"}],"collection":[{"href":"https:\/\/www.cronacaonline.it\/index.php\/wp-json\/wp\/v2\/posts"}],"about":[{"href":"https:\/\/www.cronacaonline.it\/index.php\/wp-json\/wp\/v2\/types\/post"}],"author":[{"embeddable":true,"href":"https:\/\/www.cronacaonline.it\/index.php\/wp-json\/wp\/v2\/users\/2"}],"replies":[{"embeddable":true,"href":"https:\/\/www.cronacaonline.it\/index.php\/wp-json\/wp\/v2\/comments?post=124450"}],"version-history":[{"count":0,"href":"https:\/\/www.cronacaonline.it\/index.php\/wp-json\/wp\/v2\/posts\/124450\/revisions"}],"wp:featuredmedia":[{"embeddable":true,"href":"https:\/\/www.cronacaonline.it\/index.php\/wp-json\/wp\/v2\/media\/123178"}],"wp:attachment":[{"href":"https:\/\/www.cronacaonline.it\/index.php\/wp-json\/wp\/v2\/media?parent=124450"}],"wp:term":[{"taxonomy":"category","embeddable":true,"href":"https:\/\/www.cronacaonline.it\/index.php\/wp-json\/wp\/v2\/categories?post=124450"},{"taxonomy":"post_tag","embeddable":true,"href":"https:\/\/www.cronacaonline.it\/index.php\/wp-json\/wp\/v2\/tags?post=124450"}],"curies":[{"name":"wp","href":"https:\/\/api.w.org\/{rel}","templated":true}]}}