{"id":124448,"date":"2016-03-18T13:00:57","date_gmt":"2016-03-18T12:00:57","guid":{"rendered":"http:\/\/www.cronacaonline.it\/public\/content\/?p=124448"},"modified":"2016-03-18T13:00:57","modified_gmt":"2016-03-18T12:00:57","slug":"citta-metropolitana-una-scommessa-che-si-vince-con-la-pari-dignita-tra-i-comuni-dichiarazione-del-segretario-generale-cisl-cagliari-mimmo-contu","status":"publish","type":"post","link":"https:\/\/www.cronacaonline.it\/index.php\/2016\/03\/18\/citta-metropolitana-una-scommessa-che-si-vince-con-la-pari-dignita-tra-i-comuni-dichiarazione-del-segretario-generale-cisl-cagliari-mimmo-contu\/","title":{"rendered":"Citt\u00e0 metropolitana una scommessa che si vince con la pari dignit\u00e0 tra i comuni: dichiarazione del segretario generale Cisl Cagliari Mimmo Contu"},"content":{"rendered":"<p>Cagliari, 18 Mar 2016 \u2013 in una nota, il Segretario generale Cisl di Cagliari, Mimmo Contu, hafferma: \u201cProva del fuoco per gli amministratori della Citt\u00e0 metropolitana di Cagliari, a cominciare dal sindaco Massimo Zedda. Adesso veramente devono dimostrare di avere una visione unitaria dell\u2019area vasta, di saper trasformare idee e progetti in atti concreti, e non comuni doti di coordinamento. La nascita della citt\u00e0 metropolitana di Cagliari, infatti, andr\u00e0 al di l\u00e0 della semplice forma giuridica se sia il capoluogo sia i 16 comuni interessati sapranno esprimere una forte volont\u00e0 civile di dare veramente luogo a una collettivit\u00e0. Profonde radici storiche e autonomistiche dei piccoli comuni male accetterebbero rapporti di forza costruiti sul numero degli abitanti e sulle risorse finanziarie\u201d.<\/p>\n<p>\u201cSi tratta di saper conciliare in un unico processo di trasformazione urbana e territoriale \u2013 prosegue la nota - visioni unilaterali e parziali. Obiettivo \u00e8 costruire una pianificazione sostenibile che tenga conto della tutela del paesaggio, dei problemi produttivi, della qualit\u00e0 della vita, dell\u2019integrazione dei servizi, con un occhio alla spesa, ma soprattutto al delicato rapporto socioculturale fra la citt\u00e0 e il territorio circostante\u201d.<\/p>\n<p>In questo processo di costruzione dell\u2019architettura funzionale della citt\u00e0 metropolitana \u2013 aggiuge Contu -non deve mancare il confronto programmatico con le forze sociali. La Cisl \u00e8 pronta contribuire alla realizzazione di questo importante riconoscimento per l'area vasta cagliaritana\u201d.<\/p>\n<p>\u201cLa citt\u00e0 metropolitana, - conclude la nota del Segretario generale Cisl - infatti, raggiunger\u00e0 i suoi obiettivi e si render\u00e0 veramente utile se riuscir\u00e0 a valorizzare le potenzialit\u00e0 esistenti per uno sviluppo strategico del territorio: porto turistico e porto container, aeroporto, trasporti locali, sistema dei beni culturali, Poetto e litorale, patrimonio boschivo e ambientale, saline, stagno di Molentargius e laguna di Santa Gilla, Universit\u00e0, artigianato, turismo, folclore e tradizioni enogastronomiche\u201d.<\/p>\n","protected":false},"excerpt":{"rendered":"<p>Cagliari, 18 Mar 2016 \u2013 in una nota, il Segretario generale Cisl di Cagliari, Mimmo Contu, hafferma: \u201cProva del fuoco per gli amministratori della Citt\u00e0&#8230;<\/p>\n","protected":false},"author":2,"featured_media":26227,"comment_status":"closed","ping_status":"closed","sticky":false,"template":"","format":"standard","meta":[],"categories":[49,53],"tags":[],"_links":{"self":[{"href":"https:\/\/www.cronacaonline.it\/index.php\/wp-json\/wp\/v2\/posts\/124448"}],"collection":[{"href":"https:\/\/www.cronacaonline.it\/index.php\/wp-json\/wp\/v2\/posts"}],"about":[{"href":"https:\/\/www.cronacaonline.it\/index.php\/wp-json\/wp\/v2\/types\/post"}],"author":[{"embeddable":true,"href":"https:\/\/www.cronacaonline.it\/index.php\/wp-json\/wp\/v2\/users\/2"}],"replies":[{"embeddable":true,"href":"https:\/\/www.cronacaonline.it\/index.php\/wp-json\/wp\/v2\/comments?post=124448"}],"version-history":[{"count":0,"href":"https:\/\/www.cronacaonline.it\/index.php\/wp-json\/wp\/v2\/posts\/124448\/revisions"}],"wp:featuredmedia":[{"embeddable":true,"href":"https:\/\/www.cronacaonline.it\/index.php\/wp-json\/"}],"wp:attachment":[{"href":"https:\/\/www.cronacaonline.it\/index.php\/wp-json\/wp\/v2\/media?parent=124448"}],"wp:term":[{"taxonomy":"category","embeddable":true,"href":"https:\/\/www.cronacaonline.it\/index.php\/wp-json\/wp\/v2\/categories?post=124448"},{"taxonomy":"post_tag","embeddable":true,"href":"https:\/\/www.cronacaonline.it\/index.php\/wp-json\/wp\/v2\/tags?post=124448"}],"curies":[{"name":"wp","href":"https:\/\/api.w.org\/{rel}","templated":true}]}}