{"id":124439,"date":"2016-03-18T12:52:13","date_gmt":"2016-03-18T11:52:13","guid":{"rendered":"http:\/\/www.cronacaonline.it\/public\/content\/?p=124439"},"modified":"2016-03-18T12:52:13","modified_gmt":"2016-03-18T11:52:13","slug":"aeroporto-di-cagliari-elmas-alitalia-sceglie-sogaerdyn-per-tutti-i-servizi-a-terra","status":"publish","type":"post","link":"https:\/\/www.cronacaonline.it\/index.php\/2016\/03\/18\/aeroporto-di-cagliari-elmas-alitalia-sceglie-sogaerdyn-per-tutti-i-servizi-a-terra\/","title":{"rendered":"Aeroporto di Cagliari-Elmas: Alitalia sceglie Sogaerdyn per tutti i servizi a terra"},"content":{"rendered":"<p>Cagliari, 18 Mar 2016 - Al termine di un\u2019accurata procedura di selezione, Alitalia, la compagnia aerea titolare dei collegamenti di linea fra il capoluogo sardo e gli aeroporti di Roma Fiumicino e Milano Linate, ha scelto di affidare a Sogaerdyn la gestione di tutti i servizi a terra per i voli e i passeggeri in arrivo e in partenza dallo scalo di Cagliari.<\/p>\n<p>Questo nuovo incarico segna un importante traguardo per la societ\u00e0 di handling aeroportuale del Gruppo Sogaer e rappresenta un riconoscimento di grande professionalit\u00e0 e affidabilit\u00e0 da parte del principale vettore aereo nazionale, uno dei pi\u00f9 attivi anche all\u2019Aeroporto di Cagliari.<\/p>\n<p>Sogaerdyn, che attualmente assiste circa 40 compagnie aeree operative al \u2018Mario Mameli\u2019 per una media di circa 9.000 voli all\u2019anno, vedr\u00e0 dunque a breve un notevole incremento delle proprie attivit\u00e0 di handling grazie all\u2019accordo con Alitalia.<\/p>\n<p>&nbsp;<\/p>\n","protected":false},"excerpt":{"rendered":"<p>Cagliari, 18 Mar 2016 &#8211; Al termine di un\u2019accurata procedura di selezione, Alitalia, la compagnia aerea titolare dei collegamenti di linea fra il capoluogo sardo&#8230;<\/p>\n","protected":false},"author":2,"featured_media":20972,"comment_status":"closed","ping_status":"closed","sticky":false,"template":"","format":"standard","meta":[],"categories":[49,53],"tags":[],"_links":{"self":[{"href":"https:\/\/www.cronacaonline.it\/index.php\/wp-json\/wp\/v2\/posts\/124439"}],"collection":[{"href":"https:\/\/www.cronacaonline.it\/index.php\/wp-json\/wp\/v2\/posts"}],"about":[{"href":"https:\/\/www.cronacaonline.it\/index.php\/wp-json\/wp\/v2\/types\/post"}],"author":[{"embeddable":true,"href":"https:\/\/www.cronacaonline.it\/index.php\/wp-json\/wp\/v2\/users\/2"}],"replies":[{"embeddable":true,"href":"https:\/\/www.cronacaonline.it\/index.php\/wp-json\/wp\/v2\/comments?post=124439"}],"version-history":[{"count":0,"href":"https:\/\/www.cronacaonline.it\/index.php\/wp-json\/wp\/v2\/posts\/124439\/revisions"}],"wp:featuredmedia":[{"embeddable":true,"href":"https:\/\/www.cronacaonline.it\/index.php\/wp-json\/"}],"wp:attachment":[{"href":"https:\/\/www.cronacaonline.it\/index.php\/wp-json\/wp\/v2\/media?parent=124439"}],"wp:term":[{"taxonomy":"category","embeddable":true,"href":"https:\/\/www.cronacaonline.it\/index.php\/wp-json\/wp\/v2\/categories?post=124439"},{"taxonomy":"post_tag","embeddable":true,"href":"https:\/\/www.cronacaonline.it\/index.php\/wp-json\/wp\/v2\/tags?post=124439"}],"curies":[{"name":"wp","href":"https:\/\/api.w.org\/{rel}","templated":true}]}}