{"id":124433,"date":"2016-03-18T11:20:24","date_gmt":"2016-03-18T10:20:24","guid":{"rendered":"http:\/\/www.cronacaonline.it\/public\/content\/?p=124433"},"modified":"2016-03-18T11:20:24","modified_gmt":"2016-03-18T10:20:24","slug":"migranti-a-bruxelles-prima-intesa-ue-ma-il-negoziato-con-la-turchia-e-in-salita","status":"publish","type":"post","link":"https:\/\/www.cronacaonline.it\/index.php\/2016\/03\/18\/migranti-a-bruxelles-prima-intesa-ue-ma-il-negoziato-con-la-turchia-e-in-salita\/","title":{"rendered":"Migranti &#8211; A Bruxelles prima intesa Ue, ma il negoziato con la Turchia \u00e8 in salita"},"content":{"rendered":"<p>Bruxelles, 18 Mar 2016 - I 28 hanno trovato questa notte una posizione comune, anche se non formalizzata sui termini generali del negoziato con la Turchia nella crisi dei migranti e hanno dato il mandato al presidente del Consiglio europeo Donald Tusk di trattare col premier turco Ahmet Davutoglu, tracciando il perimetro di manovra. L'appuntamento con Davutoglu \u00e8 per questa mattina alle 8.30. E le trattative, come ha commentato ieri sera\u00a0Angela Merkel, saranno \"tutto tranne che facili\", mentre Hollande ha evidenziato che \"c'\u00e8 ancora molta strada da fare e non \u00e8 possibile garantire una conclusione felice\".<\/p>\n<p>Il documento circolato a Bruxelles nella notte sembra per\u00f2 non soddisfare Ankara, che chiede maggiori impegni sui tre miliardi aggiuntivi e sull'apertura dei capitoli per l'adesione all'Unione, su cui grava il risoluto 'no' di Cipro. Tra gli scogli per raggiungere un'intesa con la Mezzaluna, c'\u00e8 anche la trattativa sulle modifiche normative chieste per garantire alle altre nazionalit\u00e0 di richiedenti asilo la stessa protezione che gi\u00e0 offre ai siriani. Il punto \u00e8 fondamentale per poter attuare il rimpatrio di tutti i migranti e richiedenti asilo arrivati in Grecia.<\/p>\n<p>L'appuntamento \u00e8 per questa mattina tra Tusk e Davutoglu. Solo quando saranno chiariti tutti i contorni della trattativa, il presidente del Consiglio europeo riconvocher\u00e0 i 28. A Bruxelles i leader hanno espresso 'caveat' e preoccupazioni, e sebbene nessuno in definitiva sia sembrato davvero intenzionato a rovesciare il tavolo, la partita - in cui anche Atene gioca un ruolo da protagonista - \u00e8 molto complessa. L'atteggiamento resta costruttivo perch\u00e9 i capi di stato e di governo, con Merkel in testa, considerano l'accordo con Ankara cruciale per ridurre i flussi verso l'Europa, ma pesa il granitico veto di Nicosia all'apertura di nuovi capitoli per l'adesione della Turchia all'Unione, fino a quando Ankara non riconoscer\u00e0 i passaporti ciprioti e non permetter\u00e0 a navi e aerei del Paese Ue di usare i suoi porti ed aeroporti. Anche alla cena Anastasiadis ha ribadito la sua riserva. I negoziati per risolvere l'annosa questione cipriota sono arrivati a buon punto, ma il timore \u00e8 che in questo intrecciarsi di interessi e partite, la trattativa possa uscirne compromessa.<\/p>\n<p>Anche l'ultima versione della dichiarazione Ue-Turchia circolata non prevede l'apertura di capitoli negoziali, ma solo un lavoro preparatorio, che non \"pregiudica\" le future mosse dei Paesi Ue. Nonostante le numerose preoccupazioni espresse dai leader anche oggi, nella bozza di dichiarazione per ora resta invece la liberalizzazione dei visti entro fine giugno, un punto molto caro al presidente turco Recep Tayyip Erdogan, che si \u00e8 gi\u00e0 rivenduto la promessa ai connazionali. Un traguardo che tuttavia non prevede scorciatoie per Ankara. I capi di stato e di governo, a partire dal lussemburghese Xavier Bettel, sono tornati a mettere paletti anche sulla questione del rispetto delle leggi internazionali e della Convenzione di Ginevra. Non \u00e8 bastata la comunicazione della Commissione europea con cui si \u00e8 dettagliata la piena conformit\u00e0, e durante la cena a porte chiuse si \u00e8 tornati a dibattere anche su questo punto. Discussione intensa anche sull'opportunit\u00e0 di inserire o meno una data di inizio per l'accordo, con i leader combattuti tra il timore di creare un effetto richiamo per i migranti (spostandola troppo in avanti) o dare un segnale negativo, con la Grecia non ancora pronta a mettere in pratica il pacchetto (in caso di una data troppo vicina).<\/p>\n<p>Intanto, il premier britannico David Cameron ha lanciato un allarme: nelle prossime settimane ripartir\u00e0 il flusso di migranti nel Mediterraneo verso l'Europa, in particolare dalla Libia. Mentre il premier Matteo Renzi ha avvertito: \"Va bene fare l'accordo con la Turchia, ma sia chiaro che se ci sar\u00e0, far\u00e0 da precedente. Le regole che saranno valide\" per Ankara \"dovranno essere valide anche per gli altri Paesi da cui ci attendiamo\" numeri massicci di sbarchi.<\/p>\n<p>Nella prima sessione del vertice i leader hanno discusso\u00a0di economia. Il presidente della Bce Mario Draghi ha fatto la sua presentazione annuale sullo stato dell'Eurozona, e nelle conclusioni i leader dovrebbero ribadire gli impegni presi nel Semestre europeo. \"L'economia si sta riprendendo ma ha ridotto lo slancio\" e \"ho reso chiaro (ai leader Ue) che sebbene la politica monetaria si stata l'unica politica che ha guidato la ripresa negli ultimi anni, non pu\u00f2 affrontare alcune debolezze strutturali di base, per quello servono riforme per aumentare la domanda, investimenti e abbassare le tasse\" ha detto ieri\u00a0Draghi dopo il suo intervento al summit Ue. Ancora pi\u00f9 importante delle riforme \u00e8 \"avere chiarezza sul futuro dell'Unione monetaria\", ha precisato. \"Se le prospettive dovessero cambiare la Bce \u00e8 pronta a usare tutti gli strumenti appropriati\", ha aggiunto.<\/p>\n<p>\"Le discussioni saranno difficili, ma abbiamo una base\", per questo \"sono\", cos\u00ec come Tusk, \"cautamente ottimista che possiamo trovare una posizione comune\" tra i 28 per l'intesa sui migranti con la Turchia. Cos\u00ec la cancelliera tedesca Angela Merkel al suo arrivo ieri al vertice, sottolineando che \"dovremo arrivare a una soluzione comune prima di tutto tra i Paesi Ue\" e ritenendo \"positivo\" aver avuto tempo di \"guardare alle questioni in profondit\u00e0\".<\/p>\n<p>\"Sosteniamo l'idea di mandare indietro i migranti arrivati irregolarmente, \u00e8 una buona idea\" che colpisce il modello di business dei trafficanti di esseri umani. Cos\u00ec il premier britannico David Cameron al suo arrivo al summit Ue. Ma con l'intesa con la Turchia, ha precisato, \"la Gran Bretagna non offrir\u00e0 visti liberi ai turchi\" e \"non prender\u00e0 pi\u00f9 profughi, perch\u00e9 la Gran Bretagna ha la sua politica\".<\/p>\n<p>\"Il nostro obiettivo - ha detto il premier Matteo Renzi in Belgio - \u00e8 arrivare all'accordo con la Turchia sull'immigrazione ma partendo dai nostri valori e dai nostri ideali\". Il premier\u00a0ha sottolineato che l'accordo sull'immigrazione con Ankara deve essere \"basato sui principi dell'Europa\". \"Va bene fare l'accordo con la Turchia - ha detto ancora- ma sia chiaro che se ci sar\u00e0, far\u00e0 da precedente: le regole che saranno valide per la Turchia dovranno essere valide anche per gli altri Paesi da cui ci attendiamo flussi\".<\/p>\n<p>&nbsp;<\/p>\n","protected":false},"excerpt":{"rendered":"<p>Bruxelles, 18 Mar 2016 &#8211; I 28 hanno trovato questa notte una posizione comune, anche se non formalizzata sui termini generali del negoziato con la&#8230;<\/p>\n","protected":false},"author":2,"featured_media":124434,"comment_status":"closed","ping_status":"closed","sticky":false,"template":"","format":"standard","meta":[],"categories":[49,50],"tags":[],"_links":{"self":[{"href":"https:\/\/www.cronacaonline.it\/index.php\/wp-json\/wp\/v2\/posts\/124433"}],"collection":[{"href":"https:\/\/www.cronacaonline.it\/index.php\/wp-json\/wp\/v2\/posts"}],"about":[{"href":"https:\/\/www.cronacaonline.it\/index.php\/wp-json\/wp\/v2\/types\/post"}],"author":[{"embeddable":true,"href":"https:\/\/www.cronacaonline.it\/index.php\/wp-json\/wp\/v2\/users\/2"}],"replies":[{"embeddable":true,"href":"https:\/\/www.cronacaonline.it\/index.php\/wp-json\/wp\/v2\/comments?post=124433"}],"version-history":[{"count":0,"href":"https:\/\/www.cronacaonline.it\/index.php\/wp-json\/wp\/v2\/posts\/124433\/revisions"}],"wp:featuredmedia":[{"embeddable":true,"href":"https:\/\/www.cronacaonline.it\/index.php\/wp-json\/wp\/v2\/media\/124434"}],"wp:attachment":[{"href":"https:\/\/www.cronacaonline.it\/index.php\/wp-json\/wp\/v2\/media?parent=124433"}],"wp:term":[{"taxonomy":"category","embeddable":true,"href":"https:\/\/www.cronacaonline.it\/index.php\/wp-json\/wp\/v2\/categories?post=124433"},{"taxonomy":"post_tag","embeddable":true,"href":"https:\/\/www.cronacaonline.it\/index.php\/wp-json\/wp\/v2\/tags?post=124433"}],"curies":[{"name":"wp","href":"https:\/\/api.w.org\/{rel}","templated":true}]}}