{"id":124389,"date":"2016-03-17T15:20:11","date_gmt":"2016-03-17T14:20:11","guid":{"rendered":"http:\/\/www.cronacaonline.it\/public\/content\/?p=124389"},"modified":"2016-03-17T15:20:11","modified_gmt":"2016-03-17T14:20:11","slug":"alluci-cagliari-arriva-il-cast-di-bianco-di-babbudoiu","status":"publish","type":"post","link":"https:\/\/www.cronacaonline.it\/index.php\/2016\/03\/17\/alluci-cagliari-arriva-il-cast-di-bianco-di-babbudoiu\/","title":{"rendered":"All\u2019Uci Cagliari arriva il cast di Bianco di Babbudoiu"},"content":{"rendered":"<p>Cagliari, 17 Mar 2016 - Appuntamento con i protagonisti del film che segna il debutto cinematografico del trio comico Pino e gli anticorpi, ovvero Stefano Manca, Michele Manca e Roberto Fara.<\/p>\n<p>Milano, 17 Mar 2016 \u2013 Sabato 19 Marzo il cast di Bianco di Babbudoiu, la commedia che segna il debutto cinematografico di Stefano Manca, Michele Manca e Roberto Fara, ovvero il trio comico sardo Pino e gli anticorpi, saluter\u00e0 il pubblico dell\u2019Uci Cagliari presente alla proiezione del film in programma alle 20. \u00a0Distribuito da Lucky Red e in uscita nelle sale il 17 marzo, Bianco di Babbudoiu porta sul grande schermo la comicit\u00e0 sarda, senza per\u00f2 perdere di vista l\u2019attualit\u00e0. Nel cast del film, diretto da Igor Biddau, presenti anche Caterina Murino, Benito Urgu, Valeria Graci, Dario Cassini, Carlotta Buzzu, Marzo \u201cBaz\u201d Bazzoni, Francesca Rossi e Digei Angelo (Domenico Raffaele).<\/p>\n<p>Per partecipare alla proiezione di Bianco di Babbudoiu in programma sabato 19 marzo alle ore 20 all\u2019Uci Cagliari, \u00e8 possibile acquistare i biglietti presso le casse della multisala, o tramite internet sul sito <a href=\"http:\/\/www.ucicinemas.it\/\">www.ucicinemas.it<\/a>, call center (892.960), \u00a0App gratuita\u00a0di UCI\u00a0 Cinemas per dispositivi Apple,\u00a0Android e\u00a0Windows Phone. Per maggiori informazioni visitare il sito www.ucicinemas.it o la pagina ufficiale di Facebook di UCI Cinemas all\u2019indirizzo:<\/p>\n<p><a href=\"http:\/\/www.facebook.com\/home.php#!\/ucicinemasitalia\">www.facebook.com\/home.php#!\/ucicinemasitalia<\/a>. In alternativa contattare il call center al numero 892.960.<\/p>\n<p>Sinossi \u2013 Bianco di Babbudoiu - I fratelli Michele e Roberto Mannu e il \u00a0cognato Stefano Fais gestiscono le \u201cTenute Babbudoiu\u201d, un\u2019azienda vinicola fondata nel 1948 nel comune di Sassari. I soci vivono in controtendenza la crisi economica organizzando convention faraoniche forti del successo dei loro vini. Tutto questo \u00e8 destinato a finire. I tre soci scoprono, infatti, che la societ\u00e0 ha accumulato 500.000 euro di debiti e hanno solo quindici giorni per trovare il denaro necessario. E non sar\u00e0 facile: tenteranno qualsiasi cosa per racimolare la cifra, in un'escalation di disperazione, comicit\u00e0, equivoci ed episodi rocamboleschi che non porteranno ad alcuna soluzione. Ma quando tutto sembrer\u00e0 perduto e i rapporti familiari ormai alla deriva, ecco che si presenta davanti ai loro occhi la soluzione: un bicchiere di Bianco di Babbudoiu.<\/p>\n<p>&nbsp;<\/p>\n","protected":false},"excerpt":{"rendered":"<p>Cagliari, 17 Mar 2016 &#8211; Appuntamento con i protagonisti del film che segna il debutto cinematografico del trio comico Pino e gli anticorpi, ovvero Stefano&#8230;<\/p>\n","protected":false},"author":2,"featured_media":117526,"comment_status":"closed","ping_status":"closed","sticky":false,"template":"","format":"standard","meta":[],"categories":[49,54],"tags":[],"_links":{"self":[{"href":"https:\/\/www.cronacaonline.it\/index.php\/wp-json\/wp\/v2\/posts\/124389"}],"collection":[{"href":"https:\/\/www.cronacaonline.it\/index.php\/wp-json\/wp\/v2\/posts"}],"about":[{"href":"https:\/\/www.cronacaonline.it\/index.php\/wp-json\/wp\/v2\/types\/post"}],"author":[{"embeddable":true,"href":"https:\/\/www.cronacaonline.it\/index.php\/wp-json\/wp\/v2\/users\/2"}],"replies":[{"embeddable":true,"href":"https:\/\/www.cronacaonline.it\/index.php\/wp-json\/wp\/v2\/comments?post=124389"}],"version-history":[{"count":0,"href":"https:\/\/www.cronacaonline.it\/index.php\/wp-json\/wp\/v2\/posts\/124389\/revisions"}],"wp:featuredmedia":[{"embeddable":true,"href":"https:\/\/www.cronacaonline.it\/index.php\/wp-json\/"}],"wp:attachment":[{"href":"https:\/\/www.cronacaonline.it\/index.php\/wp-json\/wp\/v2\/media?parent=124389"}],"wp:term":[{"taxonomy":"category","embeddable":true,"href":"https:\/\/www.cronacaonline.it\/index.php\/wp-json\/wp\/v2\/categories?post=124389"},{"taxonomy":"post_tag","embeddable":true,"href":"https:\/\/www.cronacaonline.it\/index.php\/wp-json\/wp\/v2\/tags?post=124389"}],"curies":[{"name":"wp","href":"https:\/\/api.w.org\/{rel}","templated":true}]}}