{"id":124365,"date":"2016-03-17T12:36:22","date_gmt":"2016-03-17T11:36:22","guid":{"rendered":"http:\/\/www.cronacaonline.it\/public\/content\/?p=124365"},"modified":"2016-03-17T12:36:22","modified_gmt":"2016-03-17T11:36:22","slug":"urbanistica-assessore-erriu-incontra-la-rete-delle-professioni-tecniche","status":"publish","type":"post","link":"https:\/\/www.cronacaonline.it\/index.php\/2016\/03\/17\/urbanistica-assessore-erriu-incontra-la-rete-delle-professioni-tecniche\/","title":{"rendered":"Urbanistica, Assessore Erriu incontra la rete delle professioni tecniche"},"content":{"rendered":"<p>Cagliari, 17 Mar 2016 -\u00a0L\u2019assessore degli Enti locali Cristiano Erriu e la Direzione generale della pianificazione hanno incontrato i rappresentanti della Rete delle Professioni tecniche della Sardegna. Durante l\u2019incontro, che si \u00e8 svolto in un clima di collaborazione, \u00e8 stato ribadito il reciproco interesse a confrontarsi sui temi di grande attualit\u00e0 della riforma della disciplina di governo del territorio.<\/p>\n<p>Si \u00e8 dato poi concreto avvio ad un percorso condiviso, con l\u2019esame congiunto di osservazioni e proposte presentate dalla Rete in merito al miglioramento della legge regionale n. 8\/2015 e di altre normative vigenti in materia edilizia e urbanistica, alcune delle quali troveranno una pi\u00f9 organica risposta nella legge di governo del territorio di imminente presentazione. Nelle prossime settimane si terranno nuovi incontri operativi.<\/p>\n","protected":false},"excerpt":{"rendered":"<p>Cagliari, 17 Mar 2016 &#8211;\u00a0L\u2019assessore degli Enti locali Cristiano Erriu e la Direzione generale della pianificazione hanno incontrato i rappresentanti della Rete delle Professioni tecniche&#8230;<\/p>\n","protected":false},"author":2,"featured_media":0,"comment_status":"closed","ping_status":"closed","sticky":false,"template":"","format":"standard","meta":[],"categories":[49,52],"tags":[],"_links":{"self":[{"href":"https:\/\/www.cronacaonline.it\/index.php\/wp-json\/wp\/v2\/posts\/124365"}],"collection":[{"href":"https:\/\/www.cronacaonline.it\/index.php\/wp-json\/wp\/v2\/posts"}],"about":[{"href":"https:\/\/www.cronacaonline.it\/index.php\/wp-json\/wp\/v2\/types\/post"}],"author":[{"embeddable":true,"href":"https:\/\/www.cronacaonline.it\/index.php\/wp-json\/wp\/v2\/users\/2"}],"replies":[{"embeddable":true,"href":"https:\/\/www.cronacaonline.it\/index.php\/wp-json\/wp\/v2\/comments?post=124365"}],"version-history":[{"count":0,"href":"https:\/\/www.cronacaonline.it\/index.php\/wp-json\/wp\/v2\/posts\/124365\/revisions"}],"wp:attachment":[{"href":"https:\/\/www.cronacaonline.it\/index.php\/wp-json\/wp\/v2\/media?parent=124365"}],"wp:term":[{"taxonomy":"category","embeddable":true,"href":"https:\/\/www.cronacaonline.it\/index.php\/wp-json\/wp\/v2\/categories?post=124365"},{"taxonomy":"post_tag","embeddable":true,"href":"https:\/\/www.cronacaonline.it\/index.php\/wp-json\/wp\/v2\/tags?post=124365"}],"curies":[{"name":"wp","href":"https:\/\/api.w.org\/{rel}","templated":true}]}}