{"id":124354,"date":"2016-03-17T10:36:07","date_gmt":"2016-03-17T09:36:07","guid":{"rendered":"http:\/\/www.cronacaonline.it\/public\/content\/?p=124354"},"modified":"2016-03-17T10:36:07","modified_gmt":"2016-03-17T09:36:07","slug":"all-you-can-fly-lestate-e-servita-voli-da-e-per-la-sardegna-in-promozione-fino-al-21-marzo","status":"publish","type":"post","link":"https:\/\/www.cronacaonline.it\/index.php\/2016\/03\/17\/all-you-can-fly-lestate-e-servita-voli-da-e-per-la-sardegna-in-promozione-fino-al-21-marzo\/","title":{"rendered":"All You Can Fly: l\u2019estate\u00a0\u00e8 servita, voli da e per la Sardegna in promozione fino al 21 marzo"},"content":{"rendered":"<p>Olbia (SS), 17 Mar 2016\u00a0- Prosegue con successo l\u2019importante operazione promozionale \u201cAll you can fly: l\u2019estate \u00e8 servita\u201d, lanciata lo scorso febbraio per gli acquisti di alcuni giorni su tutto il network di voli della Compagnia; a grande richiesta, da\u00a0oggi, infatti, l\u2019offerta coinvolge\u00a0tutti i voli nazionali* e internazionali da e per la Sardegna, operati dal 11 aprile al 30 settembre 2016\u00a0che sono in vendita a\u00a0tariffe scontate,\u00a0 se si prenota entro la mezzanotte del\u00a0 21 marzo prossimo.<\/p>\n<p>Il lancio odierno della campagna\u00a0\u201cAll you can fly: Sardegna\u201d\u00a0prevede un\u00a0risparmio immediato del 15% sulla tariffa scelta\u00a0(esclusi tasse aeroportuali e supplementi); la promozione del 15% \u00e8 pertanto un\u2019occasione unica per pianificare brevi soggiorni di puro relax, le vacanze, i long week-end e i propri viaggi di lavoro.<\/p>\n<p>Meridiana si conferma\u00a0leader da e per la Sardegna\u00a0con 1,7 milioni di posti offerti nel 2016 e con\u00a0nuovi collegamenti nazionali e internazionali.<\/p>\n<p>Prima fra tutti la linea\u00a0Marsiglia - Olbia, che sar\u00e0 attivata una volta alla settimana dal 4 giugno prossimo e verr\u00e0 raddoppiata dal 26 luglio. A questa novit\u00e0, si aggiungono due ulteriori collegamenti: uno da\u00a0Brescia a Olbia\u00a0e uno da\u00a0Madrid a Olbia, entrambi operati con frequenza bisettimanale durante il picco di stagione.<\/p>\n<p>Sono inoltre riconfermate e in molti casi incrementate, in termini di posti offerti e frequenze, tutte le tratte nazionali verso l\u2019isola, grazie ai voli che collegheranno Olbia Costa Smeralda a Bari, Bergamo, Bologna, Catania, Firenze, Genova, Milano Malpensa, Napoli, Torino, Venezia e Verona.\u00a0Olbia \u00e8 inoltre collegata tutto l\u2019anno con\u00a0Milano Linate,\u00a0nel picco di stagione anche con 8 frequenze quotidiane, Roma e Bologna. Per quanto riguarda le linee internazionali, la Compagnia riconferma l\u2019avvio dei voli diretti per Olbia da\u00a0Londra (LGW), Mosca (DME), Nizza e Parigi (CDG),\u00a0che, quest\u2019anno, viene anticipato al 22 aprile. Pertanto nella primavera - estate 2016 Meridiana operer\u00e0 un totale di\u00a021 rotte\u00a0da e per il Costa Smeralda, 14 domestiche e 7 internazionali,\u00a0con ben 3 nuovi collegamenti di cui 2 completamente nuovi per lo scalo sardo.<\/p>\n<p>Per quanto riguarda\u00a0Cagliari, dal\u00a05 giugno\u00a0prossimo fino al 25 settembre sar\u00e0 attivo un volo no-stop con\u00a0Milano Malpensa\u00a0operato\u00a0tutti i sabati e le domeniche. Inoltre, sempre da giugno, ripartiranno anche i collegamenti quotidiani diretti con\u00a0Verona\u00a0e\u00a0Torino\u00a0(d\u2019inverno l\u2019operativo \u00e8 solo via Napoli),\u00a0 in aggiunta ai voli annuali no-stop per Napoli e Bologna, che, nel periodo estivo, prevedono frequenze giornaliere.<\/p>\n<p>&nbsp;<\/p>\n<p>Da\u00a0Cagliari\u00a0\u00e8 riconfermato anche per quest\u2019estate il\u00a0volo diretto internazionale per l\u2019aeroporto di Parigi Charles de Gaulle (operativo\u00a0tutti i gioved\u00ec dal prossimo 2 giugno fino al 29 settembre).<\/p>\n<p>Prenotazioni e acquisto sul sito meridiana.com, sul mobile, tramite il Call Center della Compagnia e nelle agenzie di viaggio.<\/p>\n<p>*La promozione non si applica alla tariffa onerata sulle linee Olbia - Roma e Olbia \u2013 Linate operate in regime di continuit\u00e0 territoriale e sulle tariffe Carnet\u00a0Sardegna.<\/p>\n","protected":false},"excerpt":{"rendered":"<p>Olbia (SS), 17 Mar 2016\u00a0&#8211; Prosegue con successo l\u2019importante operazione promozionale \u201cAll you can fly: l\u2019estate \u00e8 servita\u201d, lanciata lo scorso febbraio per gli acquisti&#8230;<\/p>\n","protected":false},"author":2,"featured_media":116307,"comment_status":"closed","ping_status":"closed","sticky":false,"template":"","format":"standard","meta":[],"categories":[49,53],"tags":[],"_links":{"self":[{"href":"https:\/\/www.cronacaonline.it\/index.php\/wp-json\/wp\/v2\/posts\/124354"}],"collection":[{"href":"https:\/\/www.cronacaonline.it\/index.php\/wp-json\/wp\/v2\/posts"}],"about":[{"href":"https:\/\/www.cronacaonline.it\/index.php\/wp-json\/wp\/v2\/types\/post"}],"author":[{"embeddable":true,"href":"https:\/\/www.cronacaonline.it\/index.php\/wp-json\/wp\/v2\/users\/2"}],"replies":[{"embeddable":true,"href":"https:\/\/www.cronacaonline.it\/index.php\/wp-json\/wp\/v2\/comments?post=124354"}],"version-history":[{"count":0,"href":"https:\/\/www.cronacaonline.it\/index.php\/wp-json\/wp\/v2\/posts\/124354\/revisions"}],"wp:featuredmedia":[{"embeddable":true,"href":"https:\/\/www.cronacaonline.it\/index.php\/wp-json\/"}],"wp:attachment":[{"href":"https:\/\/www.cronacaonline.it\/index.php\/wp-json\/wp\/v2\/media?parent=124354"}],"wp:term":[{"taxonomy":"category","embeddable":true,"href":"https:\/\/www.cronacaonline.it\/index.php\/wp-json\/wp\/v2\/categories?post=124354"},{"taxonomy":"post_tag","embeddable":true,"href":"https:\/\/www.cronacaonline.it\/index.php\/wp-json\/wp\/v2\/tags?post=124354"}],"curies":[{"name":"wp","href":"https:\/\/api.w.org\/{rel}","templated":true}]}}