{"id":124114,"date":"2016-03-11T14:53:00","date_gmt":"2016-03-11T13:53:00","guid":{"rendered":"http:\/\/www.cronacaonline.it\/public\/content\/?p=124114"},"modified":"2016-03-11T14:53:00","modified_gmt":"2016-03-11T13:53:00","slug":"domani-il-presidente-ganau-incontra-a-bonifacio-il-presidente-dellassemblea-corsa-talamoni","status":"publish","type":"post","link":"https:\/\/www.cronacaonline.it\/index.php\/2016\/03\/11\/domani-il-presidente-ganau-incontra-a-bonifacio-il-presidente-dellassemblea-corsa-talamoni\/","title":{"rendered":"Domani\u00a0il presidente Ganau incontra a Bonifacio il presidente dell\u2019assemblea corsa Talamoni"},"content":{"rendered":"<p>Cagliari, 11 Mar 2016\u00a0\u2013 Il presidente del Consiglio regionale della Sardegna, Gianfranco Ganau incontrer\u00e0\u00a0domani\u00a0a Bonifacio \u00a0il presidente dell'Assemblea Corsa, Ghjuvan Guidu Talamoni.<\/p>\n<p>L\u2019incontro istituzionale \u00e8 inquadrato nell'ambito della rinnovata volont\u00e0 di confronto e collaborazione tra i governi e le assemblee delle due isole e sar\u00e0 l\u2019occasione per definire le modalit\u00e0 di lavoro e collaborazione tra le rispettive Assemblee legislative.<\/p>\n","protected":false},"excerpt":{"rendered":"<p>Cagliari, 11 Mar 2016\u00a0\u2013 Il presidente del Consiglio regionale della Sardegna, Gianfranco Ganau incontrer\u00e0\u00a0domani\u00a0a Bonifacio \u00a0il presidente dell&#8217;Assemblea Corsa, Ghjuvan Guidu Talamoni. L\u2019incontro istituzionale \u00e8&#8230;<\/p>\n","protected":false},"author":2,"featured_media":28989,"comment_status":"closed","ping_status":"closed","sticky":false,"template":"","format":"standard","meta":[],"categories":[49,52],"tags":[],"_links":{"self":[{"href":"https:\/\/www.cronacaonline.it\/index.php\/wp-json\/wp\/v2\/posts\/124114"}],"collection":[{"href":"https:\/\/www.cronacaonline.it\/index.php\/wp-json\/wp\/v2\/posts"}],"about":[{"href":"https:\/\/www.cronacaonline.it\/index.php\/wp-json\/wp\/v2\/types\/post"}],"author":[{"embeddable":true,"href":"https:\/\/www.cronacaonline.it\/index.php\/wp-json\/wp\/v2\/users\/2"}],"replies":[{"embeddable":true,"href":"https:\/\/www.cronacaonline.it\/index.php\/wp-json\/wp\/v2\/comments?post=124114"}],"version-history":[{"count":0,"href":"https:\/\/www.cronacaonline.it\/index.php\/wp-json\/wp\/v2\/posts\/124114\/revisions"}],"wp:featuredmedia":[{"embeddable":true,"href":"https:\/\/www.cronacaonline.it\/index.php\/wp-json\/"}],"wp:attachment":[{"href":"https:\/\/www.cronacaonline.it\/index.php\/wp-json\/wp\/v2\/media?parent=124114"}],"wp:term":[{"taxonomy":"category","embeddable":true,"href":"https:\/\/www.cronacaonline.it\/index.php\/wp-json\/wp\/v2\/categories?post=124114"},{"taxonomy":"post_tag","embeddable":true,"href":"https:\/\/www.cronacaonline.it\/index.php\/wp-json\/wp\/v2\/tags?post=124114"}],"curies":[{"name":"wp","href":"https:\/\/api.w.org\/{rel}","templated":true}]}}