{"id":124108,"date":"2016-03-11T14:48:24","date_gmt":"2016-03-11T13:48:24","guid":{"rendered":"http:\/\/www.cronacaonline.it\/public\/content\/?p=124108"},"modified":"2016-03-11T14:48:24","modified_gmt":"2016-03-11T13:48:24","slug":"comune-di-cagliari-temporanee-limitazioni-al-traffico-nella-via-sardegna","status":"publish","type":"post","link":"https:\/\/www.cronacaonline.it\/index.php\/2016\/03\/11\/comune-di-cagliari-temporanee-limitazioni-al-traffico-nella-via-sardegna\/","title":{"rendered":"Comune di Cagliari &#8211; Temporanee limitazioni al traffico nella via Sardegna"},"content":{"rendered":"<p>Cagliari, 11 Mar 2016 - Per consentire il rifacimento della pavimentazione stradale e dei sottoservizi nel largo Carlo Felice, da luned\u00ec 14 a marted\u00ec 15 marzo 2016, la via Sardegna sar\u00e0 interessata da modifiche al traffico veicolare.<br \/>\nIn particolare, secondo l'ordinanza 409\/Viab, nel tratto interessato dai lavori (da largo Carlo Felice a via Baylle), sar\u00e0 vietato il transito e la sosta, con rimozione forzata su ambo i lati, nella fascia oraria 0-24.<\/p>\n","protected":false},"excerpt":{"rendered":"<p>Cagliari, 11 Mar 2016 &#8211; Per consentire il rifacimento della pavimentazione stradale e dei sottoservizi nel largo Carlo Felice, da luned\u00ec 14 a marted\u00ec 15&#8230;<\/p>\n","protected":false},"author":2,"featured_media":22701,"comment_status":"closed","ping_status":"closed","sticky":false,"template":"","format":"standard","meta":[],"categories":[49,53],"tags":[],"_links":{"self":[{"href":"https:\/\/www.cronacaonline.it\/index.php\/wp-json\/wp\/v2\/posts\/124108"}],"collection":[{"href":"https:\/\/www.cronacaonline.it\/index.php\/wp-json\/wp\/v2\/posts"}],"about":[{"href":"https:\/\/www.cronacaonline.it\/index.php\/wp-json\/wp\/v2\/types\/post"}],"author":[{"embeddable":true,"href":"https:\/\/www.cronacaonline.it\/index.php\/wp-json\/wp\/v2\/users\/2"}],"replies":[{"embeddable":true,"href":"https:\/\/www.cronacaonline.it\/index.php\/wp-json\/wp\/v2\/comments?post=124108"}],"version-history":[{"count":0,"href":"https:\/\/www.cronacaonline.it\/index.php\/wp-json\/wp\/v2\/posts\/124108\/revisions"}],"wp:featuredmedia":[{"embeddable":true,"href":"https:\/\/www.cronacaonline.it\/index.php\/wp-json\/"}],"wp:attachment":[{"href":"https:\/\/www.cronacaonline.it\/index.php\/wp-json\/wp\/v2\/media?parent=124108"}],"wp:term":[{"taxonomy":"category","embeddable":true,"href":"https:\/\/www.cronacaonline.it\/index.php\/wp-json\/wp\/v2\/categories?post=124108"},{"taxonomy":"post_tag","embeddable":true,"href":"https:\/\/www.cronacaonline.it\/index.php\/wp-json\/wp\/v2\/tags?post=124108"}],"curies":[{"name":"wp","href":"https:\/\/api.w.org\/{rel}","templated":true}]}}