{"id":124083,"date":"2016-03-11T12:06:54","date_gmt":"2016-03-11T11:06:54","guid":{"rendered":"http:\/\/www.cronacaonline.it\/public\/content\/?p=124083"},"modified":"2016-03-11T12:06:54","modified_gmt":"2016-03-11T11:06:54","slug":"il-28mo-congresso-provinciale-delle-acli-di-cagliari","status":"publish","type":"post","link":"https:\/\/www.cronacaonline.it\/index.php\/2016\/03\/11\/il-28mo-congresso-provinciale-delle-acli-di-cagliari\/","title":{"rendered":"Il 28mo Congresso Provinciale delle ACLI di Cagliari"},"content":{"rendered":"<p>Cagliari, 11 Mar 2016 \u2013 Domani sabato 12 Marzo 2016, a partire dalle ore 9, presso il\u00a0Meditur Hotel Cagliari Santa Maria, si celebrer\u00e0 il 28\u00b0 Congresso Provinciale delle Acli di Cagliari, dal tema \"Cambiare rotta: una nuova visione per l'economia ed il lavoro in Sardegna\".<\/p>\n<p>Al Congresso parteciperanno oltre cento delegati a cui \u00e8 affidato il compito di eleggere il\u00a0nuovo Consiglio Provinciale\u00a0che rester\u00e0 in carica fino al 2020. Saranno, inoltre, designati i rappresentanti che parteciperanno al Congresso Regionale e al 25\u00b0 Congresso Nazionale, in programma a Livorno dal 5 all\u2019 8 maggio.<\/p>\n<p>Il Presidente Provinciale Mauro Carta dar\u00e0 il via ai lavori con una relazione introduttiva, nella quale presenter\u00e0 tutte le attivit\u00e0 portate a termine nei quattro anni di mandato. Seguiranno gli interventi dei rappresentanti istituzionali, delle associazioni e dei delegati, che avranno modo di confrontarsi sulla situazione economica e lavorativa della Sardegna e analizzare le scelte da compiere per essere parte attiva nel processo di ripresa della nostra Isola.<br \/>\nNel pomeriggio, a partire dalle 15, si proseguir\u00e0 con le discussioni sino alle 16.30, quando inizieranno le procedure per le elezioni dei vari Organi. La conclusione del Congresso \u00e8 prevista per le ore 18.<\/p>\n","protected":false},"excerpt":{"rendered":"<p>Cagliari, 11 Mar 2016 \u2013 Domani sabato 12 Marzo 2016, a partire dalle ore 9, presso il\u00a0Meditur Hotel Cagliari Santa Maria, si celebrer\u00e0 il 28\u00b0&#8230;<\/p>\n","protected":false},"author":2,"featured_media":0,"comment_status":"closed","ping_status":"closed","sticky":false,"template":"","format":"standard","meta":[],"categories":[49,53],"tags":[],"_links":{"self":[{"href":"https:\/\/www.cronacaonline.it\/index.php\/wp-json\/wp\/v2\/posts\/124083"}],"collection":[{"href":"https:\/\/www.cronacaonline.it\/index.php\/wp-json\/wp\/v2\/posts"}],"about":[{"href":"https:\/\/www.cronacaonline.it\/index.php\/wp-json\/wp\/v2\/types\/post"}],"author":[{"embeddable":true,"href":"https:\/\/www.cronacaonline.it\/index.php\/wp-json\/wp\/v2\/users\/2"}],"replies":[{"embeddable":true,"href":"https:\/\/www.cronacaonline.it\/index.php\/wp-json\/wp\/v2\/comments?post=124083"}],"version-history":[{"count":0,"href":"https:\/\/www.cronacaonline.it\/index.php\/wp-json\/wp\/v2\/posts\/124083\/revisions"}],"wp:attachment":[{"href":"https:\/\/www.cronacaonline.it\/index.php\/wp-json\/wp\/v2\/media?parent=124083"}],"wp:term":[{"taxonomy":"category","embeddable":true,"href":"https:\/\/www.cronacaonline.it\/index.php\/wp-json\/wp\/v2\/categories?post=124083"},{"taxonomy":"post_tag","embeddable":true,"href":"https:\/\/www.cronacaonline.it\/index.php\/wp-json\/wp\/v2\/tags?post=124083"}],"curies":[{"name":"wp","href":"https:\/\/api.w.org\/{rel}","templated":true}]}}