{"id":124014,"date":"2016-03-09T15:25:02","date_gmt":"2016-03-09T14:25:02","guid":{"rendered":"http:\/\/www.cronacaonline.it\/public\/content\/?p=124014"},"modified":"2016-03-09T15:25:02","modified_gmt":"2016-03-09T14:25:02","slug":"comune-di-cagliari-pubblicata-la-graduatoria-ambulanti-per-la-fiera-campionaria","status":"publish","type":"post","link":"https:\/\/www.cronacaonline.it\/index.php\/2016\/03\/09\/comune-di-cagliari-pubblicata-la-graduatoria-ambulanti-per-la-fiera-campionaria\/","title":{"rendered":"Comune di Cagliari &#8211; Pubblicata la graduatoria ambulanti per la Fiera Campionaria"},"content":{"rendered":"<p>Cagliari, 9 Mar 2016 - Pubblicata la graduatoria definitiva degli ambulanti che hanno fatto richiesta di permesso temporaneo per la vendita con occupazione di un posteggio pubblico in Piazza Marco Polo, in occasione dell'evento 68a Fiera della Sardegna, dal giorno\u00a023 aprile 2016 al 2 maggio 2016.<br \/>\nIl sorteggio per i pari merito, inseriti nella graduatoria definitiva, avr\u00e0 luogo il giorno 15 marzo 2016, presso la sede del Servizio Attivit\u00e0 Produttive e Turismo al settimo piano del Palazzo Civico di Via Sonnino, secondo le seguenti modalit\u00e0: alle 9.30 anzianit\u00e0 anni 13 e alle 10, a seguire ad oltranza e in ordine di anzianit\u00e0, tutti gli operatori aventi diritto.<br \/>\nGli operatori inseriti nella graduatoria dovranno presentarsi muniti di un valido documento di identit\u00e0.<br \/>\nColoro che fossero impossibilitati a presenziare, possono farsi rappresentare per delega, allegando delega sottoscritta dal delegante, corredata dalla fotocopia del documento d\u2019identit\u00e0 del delegante e del delegatario.<br \/>\nIn caso contrario si proceder\u00e0 d'ufficio, seguendo l'ordine della graduatoria.<\/p>\n<p>La graduatoria definitiva \u00e8 consultabile sul sito istituzionale www.comune.cagliari.it Con<\/p>\n<p>&nbsp;<\/p>\n","protected":false},"excerpt":{"rendered":"<p>Cagliari, 9 Mar 2016 &#8211; Pubblicata la graduatoria definitiva degli ambulanti che hanno fatto richiesta di permesso temporaneo per la vendita con occupazione di un&#8230;<\/p>\n","protected":false},"author":2,"featured_media":8211,"comment_status":"closed","ping_status":"closed","sticky":false,"template":"","format":"standard","meta":[],"categories":[49,53],"tags":[],"_links":{"self":[{"href":"https:\/\/www.cronacaonline.it\/index.php\/wp-json\/wp\/v2\/posts\/124014"}],"collection":[{"href":"https:\/\/www.cronacaonline.it\/index.php\/wp-json\/wp\/v2\/posts"}],"about":[{"href":"https:\/\/www.cronacaonline.it\/index.php\/wp-json\/wp\/v2\/types\/post"}],"author":[{"embeddable":true,"href":"https:\/\/www.cronacaonline.it\/index.php\/wp-json\/wp\/v2\/users\/2"}],"replies":[{"embeddable":true,"href":"https:\/\/www.cronacaonline.it\/index.php\/wp-json\/wp\/v2\/comments?post=124014"}],"version-history":[{"count":0,"href":"https:\/\/www.cronacaonline.it\/index.php\/wp-json\/wp\/v2\/posts\/124014\/revisions"}],"wp:featuredmedia":[{"embeddable":true,"href":"https:\/\/www.cronacaonline.it\/index.php\/wp-json\/wp\/v2\/media\/8211"}],"wp:attachment":[{"href":"https:\/\/www.cronacaonline.it\/index.php\/wp-json\/wp\/v2\/media?parent=124014"}],"wp:term":[{"taxonomy":"category","embeddable":true,"href":"https:\/\/www.cronacaonline.it\/index.php\/wp-json\/wp\/v2\/categories?post=124014"},{"taxonomy":"post_tag","embeddable":true,"href":"https:\/\/www.cronacaonline.it\/index.php\/wp-json\/wp\/v2\/tags?post=124014"}],"curies":[{"name":"wp","href":"https:\/\/api.w.org\/{rel}","templated":true}]}}