{"id":123957,"date":"2016-03-08T14:29:33","date_gmt":"2016-03-08T13:29:33","guid":{"rendered":"http:\/\/www.cronacaonline.it\/public\/content\/?p=123957"},"modified":"2016-03-08T14:29:33","modified_gmt":"2016-03-08T13:29:33","slug":"attivita-di-controlli-da-parte-delle-forze-dellordine-nei-mezzi-pubblici-per-prevenire-atti-di-violenza-e-vandalismo","status":"publish","type":"post","link":"https:\/\/www.cronacaonline.it\/index.php\/2016\/03\/08\/attivita-di-controlli-da-parte-delle-forze-dellordine-nei-mezzi-pubblici-per-prevenire-atti-di-violenza-e-vandalismo\/","title":{"rendered":"Attivit\u00e0 di controlli da parte delle forze dell\u2019ordine nei mezzi pubblici per prevenire atti di violenza e vandalismo."},"content":{"rendered":"<p>Cagliari, 8 Mar 2016 - A seguito del perdurare delle segnalazioni di episodi di intemperanze a bordo degli autobus Ctm, gi\u00e0 dal fine settimana scorso, il Questore di Cagliari Dr. Danilo Gagliardi, dopo aver incontrato personalmente sia i vertici aziendali della societ\u00e0 Ctm s.p.a. sia i rappresentanti delle organizzazioni sindacali i quali hanno espresso la loro preoccupazione circa le condizioni di insicurezza a bordo dei mezzi, ha avviato una serie di attivit\u00e0 mirate ad intensificare i servizi di prevenzione e controllo, gi\u00e0 in atto, con riferimento in particolare a determinate linee, orari ed itinerari, pi\u00f9 di altri coinvolti in situazioni di teppismo e fatti analoghi.<\/p>\n<p>Immediatamente dopo, la Questura di Cagliari ha attivato un tavolo tecnico, assieme agli uomini dell\u2019Arma, coinvolgendo altres\u00ec i militari della Guardia di Finanza e tutti i comandi di Polizia Locale dell\u2019Area Vasta, in seno al quale il Dirigente dell\u2019UPGSP, ufficio deputato in primis al controllo del territorio, ha tracciato le linee operative di intervento attraverso la previsione di\u00a0 mirati controlli nei punti nevralgici per prevenire e reprimere episodi di vandalismo e aggressioni a bordo dei mezzi.<\/p>\n<p>Gli interventi specifici, che coinvolgeranno anche gli equipaggi del Reparto Prevenzione Crimine di Abbasanta, ormai costantemente impegnato delle attivit\u00e0 di controllo nella provincia tenderanno a frenare tutti quegli episodi in cui i conducenti vengono fatti oggetto di richieste pretestuose sfocianti in atti ingiuriosi da parte di alcuni gruppi di minori e non solo e comportamenti che nel recente passato sono degenerati in atti di violenza ai danni dei conducenti, passeggeri e danneggiando dei veicoli anche attraverso il lancio di sassi creando di sovente problemi alla sicurezza del trasporto pubblico.<\/p>\n<p>Il potenziamento \u00e8 immediatamente successivo all\u2019arresto nella serata del 28 febbraio scorso da parte degli aventi della Squadra Volanti di un 18enne che aveva sfondato la portiera di un autobus mentre nella serata di ieri, i Carabinieri impegnati nel dispositivo, sono intervenuti ad Assemini, dove un giovane, minorenne, ha azionato indebitamente il sistema di emergenza bloccando conseguentemente il mezzo.<\/p>\n<p>Spesso si tratta di giovanissimi e talvolta minorenni ma non per questo esenti dall\u2019applicazione della normativa penale. I reati configurabili in tali casi sono piuttosto gravi con riferimento ai limiti edittali previsti. In particolare oltre i casi di aggressione che potrebbero sfociare in veri propri reati di lesioni, percosse e simili, emergono generalmente due reati come l\u2019interruzione di pubblico servizio (come nell\u2019ultimo caso) e il danneggiamento aggravato. Nel primo caso anche solo per aver alterato (provocato turbamento) o tentato di alterare il regolare funzionamento del servizio (fluidit\u00e0 della linea) si rischia fino ad un anno di reclusione e nei casi pi\u00f9 gravi fino a 5, nel secondo caso il danneggiamento \u00e8 aggravato (poich\u00e9 si tratta di mezzi pubblici) e pertanto si rischiano fino ai tre anni e l\u2019arresto.<\/p>\n<p>I dispositivi proseguiranno in modo serrato e saranno focalizzati in particolare nei punti a rischio e con riferimento a determinate linee\u00a0 (30 e 31, in particolare nelle giornate di sabato e domenica, nella zona del centro Commerciale \u201cLe Vele\u201d, linee 8 e 20, Piazza San Michele e nella zona di via Is Maglias, le linee 9 e 1, nella zona di Piazze Matteotti e San Michele \u2013 via Abruzzi \u2013 fino ad Assemini, e la linea 6 )\u00a0 soprattutto durante il pomeriggio e la sera con incisivi interventi sia a terra che a bordo dei mezzi e lungo l\u2019itinerario degli stessi.<\/p>\n","protected":false},"excerpt":{"rendered":"<p>Cagliari, 8 Mar 2016 &#8211; A seguito del perdurare delle segnalazioni di episodi di intemperanze a bordo degli autobus Ctm, gi\u00e0 dal fine settimana scorso,&#8230;<\/p>\n","protected":false},"author":2,"featured_media":123960,"comment_status":"closed","ping_status":"closed","sticky":false,"template":"","format":"standard","meta":[],"categories":[49,55],"tags":[],"_links":{"self":[{"href":"https:\/\/www.cronacaonline.it\/index.php\/wp-json\/wp\/v2\/posts\/123957"}],"collection":[{"href":"https:\/\/www.cronacaonline.it\/index.php\/wp-json\/wp\/v2\/posts"}],"about":[{"href":"https:\/\/www.cronacaonline.it\/index.php\/wp-json\/wp\/v2\/types\/post"}],"author":[{"embeddable":true,"href":"https:\/\/www.cronacaonline.it\/index.php\/wp-json\/wp\/v2\/users\/2"}],"replies":[{"embeddable":true,"href":"https:\/\/www.cronacaonline.it\/index.php\/wp-json\/wp\/v2\/comments?post=123957"}],"version-history":[{"count":0,"href":"https:\/\/www.cronacaonline.it\/index.php\/wp-json\/wp\/v2\/posts\/123957\/revisions"}],"wp:featuredmedia":[{"embeddable":true,"href":"https:\/\/www.cronacaonline.it\/index.php\/wp-json\/wp\/v2\/media\/123960"}],"wp:attachment":[{"href":"https:\/\/www.cronacaonline.it\/index.php\/wp-json\/wp\/v2\/media?parent=123957"}],"wp:term":[{"taxonomy":"category","embeddable":true,"href":"https:\/\/www.cronacaonline.it\/index.php\/wp-json\/wp\/v2\/categories?post=123957"},{"taxonomy":"post_tag","embeddable":true,"href":"https:\/\/www.cronacaonline.it\/index.php\/wp-json\/wp\/v2\/tags?post=123957"}],"curies":[{"name":"wp","href":"https:\/\/api.w.org\/{rel}","templated":true}]}}