{"id":123936,"date":"2016-03-08T09:23:06","date_gmt":"2016-03-08T08:23:06","guid":{"rendered":"http:\/\/www.cronacaonline.it\/public\/content\/?p=123936"},"modified":"2016-03-08T09:23:06","modified_gmt":"2016-03-08T08:23:06","slug":"migranti-accordo-di-principio-tra-ue-e-turchia-ankara-alza-il-prezzo-bruxelles-rinvia","status":"publish","type":"post","link":"https:\/\/www.cronacaonline.it\/index.php\/2016\/03\/08\/migranti-accordo-di-principio-tra-ue-e-turchia-ankara-alza-il-prezzo-bruxelles-rinvia\/","title":{"rendered":"Migranti, &#8220;accordo di principio&#8221; tra Ue e Turchia. Ankara alza il prezzo, Bruxelles rinvia"},"content":{"rendered":"<p>Bruxelles, 8 Mar 2016 - Altri tre miliardi di euro, l'accelerazione della liberalizzazione dei visti per i cittadini turchi e una nuova spinta impressa al processo di adesione all'Ue. Sono i punti sui quali si \u00e8 raggiunta una intesa di massima a Bruxelles al termine di un vertice Ue-Turchia che sarebbe dovuto durare poche ore e invece \u00e8 finito in nottata. Intesa che andr\u00e0 per\u00f2 definita nel dettaglio nei prossimi dieci giorni, per arrivare alla firma definitiva al prossimo Consiglio europeo del 17 e 18 marzo.<\/p>\n<p>Il premier turco Ahmet Davutoglu si \u00e8 presentato a Bruxelles con l'intenzione di non farsi mettere all'angolo dopo il caso Zaman e ci \u00e8 riuscito. Ha ottenuto altri tre miliardi a partire dal 2018. \"Mi hanno stupito - ha commentato nel corso della conferenza stampa finale - i titoli di diversi giornali europei: i 3 miliardi di euro erano una somma iniziale. La Turchia non sta chiedendo soldi a nessuno. Questi fondi sono per i cittadini siriani\". Poi ha chiesto una liberalizzazione totale dei visti per i cittadini turchi entro giugno, ma su questo ha trovato pi\u00f9 duro, e il presidente della Commissione Ue Jean-Claude Juncker ha precisato che questa liberalizzazione arriver\u00e0 \"al pi\u00f9 tardi entro fine anno\". Infine ha chiesto la cosa che sta pi\u00f9 a cuore alla Turchia: l'apertura di cinque nuovi capitoli negoziali per accelerare il processo di adesione all'Ue. Juncker ha citato la richiesta, indicando queste aperture come \"eventuali\".<\/p>\n<p>Insomma, ha spiegato il premier Matteo Renzi lasciando il summit: \"Le richieste turche sono state attutite da un documento che le ridimensiona di molto\". \"Abbiamo fatto dei passettini in avanti - ha poi aggiunto - finalmente l'Ue si sta rendendo conto di quanto sia grave questa vicenda\". Renzi ha portato al vertice 27 dvd con 'Fuocoammare', il documentario diretto da Gianfranco Rosi premiato con l'Orso d'oro per il miglior film al Festival di Berlino, e lo ha distribuito a tutti i colleghi. \"E' un segnale - ha spiegato - del fatto che tutte le discussioni a cui ora tutti sono arrivati, noi in Italia le conoscevamo gi\u00e0 da tempo\".<\/p>\n<p>I \"passettini\" si riferiscono al nodo dei rimpatri. La Turchia si \u00e8 detta disposta a riprendersi indietro tutti i migranti arrivati in Grecia dalla Turchia. Per ciascun rimpatriato, l'Europa si impegna ad accogliere un rifugiato che ha fatto domanda nei campi profughi turchi. Il meccanismo, spiegano fonti della Commissione, mira ad avere un forte effetto di deterrenza. La Commissione \u00e8 molto ottimista e ritiene che nel giro di un mese, se il meccanismo dei rimpatri sar\u00e0 messo in campo con efficienza, cesseranno gli sbarchi. A quel punto il meccanismo temporaneo dello scambio 'uno contro uno' terminerebbe e si passerebbe a una procedura ordinaria: chi vuole accedere in Europa - \u00e8 il ragionamento - a quel punto farebbe domanda in un campo profughi gestito dall'Unhcr in Turchia e cofinanziato dall'Ue, per essere portato in un Paese europeo sulla base dell'intesa - mai applicata - che prevede 160mila ricollocamenti in Europa.<\/p>\n<p>Va all'attacco un gruppo di 26 ong che ha firmato un appello comune per chiedere all'Europa di cambiare rotta: \"Negli ultimi due mesi - scrivono - pi\u00f9 di 180mila persone hanno raggiunto l'Europa attraverso la Grecia. Affrontano un viaggio che mette in pericolo le loro vite per lasciarsi alle spalle guerra e violenza. N\u00e9 le avverse condizioni meteorologiche n\u00e9 le politiche dei governi europei metteranno fine al tentativo di mettere in salvo le loro vite\". Anzi, le 26 organizzazioni, che lavorano in Grecia, Macedonia, Serbia, Croazia e Slovenia, sottolineano: \u00e8 proprio \"questo tipo di decisioni che costringono i migranti ad affidarsi ai trafficanti o a cercare nuove e sempre pi\u00f9 rischiose vie per continuare il loro viaggio\".<\/p>\n<p>Ma a tenere banco naturalmente \u00e8 stata anche la questione anche della libert\u00e0 di stampa, dopo il caso Zaman, che ha avuto oggi un seguito con il commissariamento dell'agenzia di stampa Cihan News, collegata al quotidiano. \"Sono certo che coloro che seguono i media turchi - ha detto Davutoglu rivolgendosi ai cronisti che seguivano la conferenza stampa - sanno perfettamente che ci sono molti giornali che si oppongono al governo e continuano ad operare. Io mi sono sempre battuto per la libert\u00e0 di stampa e di parola. Abbiamo media molto dinamici\" e il commissariamento di Zaman \"non ha nulla a che vedere con la libert\u00e0 di stampa ma col riciclaggio di denaro sporco. Qrazie organo di stampa ha cospirato contro le libert\u00e0 di alcuni cittadini\".<\/p>\n<p>Ma il piano su cui si sta contrattando a Bruxelles non riguarda solo i rimpatri. Nel pomeriggio infatti Davutoglu ha lasciato per qualche ora la sede del palazzo del Consiglio Ue, il Justus Lispius, per incontrare il segretario generale della Nato Jens Stoltenberg. Il quale ha annunciato che, da oggi, le navi dell'Alleanza atlantica opereranno anche nelle acque territoriali turche e greche, a supporto delle attivit\u00e0 di contrasto all'immigrazione in Europa.<\/p>\n<p>Non solo, ma Ankara insiste anche sulla creazione di una zona di sicurezza in territorio siriano, dove ospitare nuovi campi profughi, un tema che la Turchia ripropone periodicamente fin dall'autunno scorso. E proprio per parlare di Siria si \u00e8 tenuto un vertice ristretto tra Renzi, la cancelliera tedesca Angela Merkel, il presidente francese Francois Hollande, il premier britannico David Cameron, lo stesso Davutoglu e l'Alta rappresentante per la politica estera Ue Federica Mogherini.<\/p>\n<p>Alla fine della giornata l'unico vincitore appare il governo turco. Un Paese che ci si attendeva sarebbe rimasto al banco degli imputati, a subire contestazioni sulla libert\u00e0 di stampa e sulla mancata applicazione dell'accordo del 29 novembre scorso (con cui si impegnava a bloccare le partenze dei migranti verso la Grecia in cambio di tre miliardi di euro), e che \u00e8 riuscito invece a ridefinire completamente l'ordine del giorno e a dettare l'agenda. Mostrando tutta la debolezza di un continente che non riesce a fare fronte all'arrivo di un milione di migranti - una cifra pari allo 0,2% della popolazione dei 28 - e che, nel panico, si affida a un Paese che chiude con disinvoltura quotidiani, incarcera giornalisti, reprime le minoranze e dove, denuncia Human Rights Watch, i rifugiati non sono garantiti sotto il profilo della protezione internazionale, e persino nemmeno dal punto di vista dell'incolumit\u00e0 fisica.<\/p>\n<p>&nbsp;<\/p>\n","protected":false},"excerpt":{"rendered":"<p>Bruxelles, 8 Mar 2016 &#8211; Altri tre miliardi di euro, l&#8217;accelerazione della liberalizzazione dei visti per i cittadini turchi e una nuova spinta impressa al&#8230;<\/p>\n","protected":false},"author":2,"featured_media":123937,"comment_status":"closed","ping_status":"closed","sticky":false,"template":"","format":"standard","meta":[],"categories":[49,50],"tags":[],"_links":{"self":[{"href":"https:\/\/www.cronacaonline.it\/index.php\/wp-json\/wp\/v2\/posts\/123936"}],"collection":[{"href":"https:\/\/www.cronacaonline.it\/index.php\/wp-json\/wp\/v2\/posts"}],"about":[{"href":"https:\/\/www.cronacaonline.it\/index.php\/wp-json\/wp\/v2\/types\/post"}],"author":[{"embeddable":true,"href":"https:\/\/www.cronacaonline.it\/index.php\/wp-json\/wp\/v2\/users\/2"}],"replies":[{"embeddable":true,"href":"https:\/\/www.cronacaonline.it\/index.php\/wp-json\/wp\/v2\/comments?post=123936"}],"version-history":[{"count":0,"href":"https:\/\/www.cronacaonline.it\/index.php\/wp-json\/wp\/v2\/posts\/123936\/revisions"}],"wp:featuredmedia":[{"embeddable":true,"href":"https:\/\/www.cronacaonline.it\/index.php\/wp-json\/wp\/v2\/media\/123937"}],"wp:attachment":[{"href":"https:\/\/www.cronacaonline.it\/index.php\/wp-json\/wp\/v2\/media?parent=123936"}],"wp:term":[{"taxonomy":"category","embeddable":true,"href":"https:\/\/www.cronacaonline.it\/index.php\/wp-json\/wp\/v2\/categories?post=123936"},{"taxonomy":"post_tag","embeddable":true,"href":"https:\/\/www.cronacaonline.it\/index.php\/wp-json\/wp\/v2\/tags?post=123936"}],"curies":[{"name":"wp","href":"https:\/\/api.w.org\/{rel}","templated":true}]}}