{"id":123918,"date":"2016-03-07T16:18:17","date_gmt":"2016-03-07T15:18:17","guid":{"rendered":"http:\/\/www.cronacaonline.it\/public\/content\/?p=123918"},"modified":"2016-03-07T16:18:17","modified_gmt":"2016-03-07T15:18:17","slug":"unioni-dei-comuni-erriu-incontra-sindaci-sulcis-iglesiente-regione-al-fianco-degli-amministratori-nel-percorso-verso-nuovi-assetti","status":"publish","type":"post","link":"https:\/\/www.cronacaonline.it\/index.php\/2016\/03\/07\/unioni-dei-comuni-erriu-incontra-sindaci-sulcis-iglesiente-regione-al-fianco-degli-amministratori-nel-percorso-verso-nuovi-assetti\/","title":{"rendered":"Unioni dei comuni, Erriu incontra sindaci Sulcis-Iglesiente: \u201cregione al fianco degli amministratori nel percorso verso nuovi assetti\u201d"},"content":{"rendered":"<p>Cagliari 7 Mar 2016 -\u00a0\u201cLa Regione non lascia soli i comuni nel percorso verso i nuovi assetti legati al superamento del sistema delle province\u201d. Lo ha detto l'assessore degli Enti Locali Cristiano Erriu nel corso dell'incontro con i sindaci del Sulcis-Iglesiente sugli scenari delineati dalla legge 2\/2016, che individua le nuove articolazioni amministrative e territoriali. \u201cLa Giunta - ha spiegato Erriu \u2013 mette a disposizione dei comuni risorse finanziarie e figure qualificate in questa delicata fase di costruzione dei nuovi assetti. Sono anche previsti strumenti di perequazione per le realt\u00e0 pi\u00f9 svantaggiate. \u00c8 un percorso graduale in cui la Regione \u00e8 pronta a sostenere i singoli territori che comunque sono chiamati a compiere scelte fondamentali per il loro futuro\u201d.<br \/>\nL'assessore degli Enti Locali, davanti agli amministratori del Sulcis-Iglesiente, ha ribadito il valore strategico delle Unioni dei Comuni \u201cche rappresentano il cuore della riforma e che devono essere il pi\u00f9 possibile forti e strutturate e rispecchiare un ambito ampio per far fronte, in modo efficace, ai nuovi compiti e alle nuove responsabilit\u00e0. Le divisioni e l'eccessiva frammentazione possono costituire uno svantaggio competitivo per i territori e un ostacolo a una gestione associata delle funzioni e al processo virtuoso di collaborazione intercomunale. Una dimensione adeguata invece pu\u00f2 aiutare a risolvere i problemi. La scelta spetta comunque ai comuni in piena autonomia, la Regione rispetter\u00e0 le decisione che verranno assunte\u201d. Erriu, in queste settimane, sta illustrando, in citt\u00e0 e paesi della Sardegna, i contenuti e le opportunit\u00e0 connesse al riordino degli enti locali. \u201cTutta l'Isola discute, sono convinto che con scelte nette e motivate si possano superare le criticit\u00e0 e le incertezze legate al superamento del sistema delle province\u201d.<\/p>\n","protected":false},"excerpt":{"rendered":"<p>Cagliari 7 Mar 2016 &#8211;\u00a0\u201cLa Regione non lascia soli i comuni nel percorso verso i nuovi assetti legati al superamento del sistema delle province\u201d. Lo&#8230;<\/p>\n","protected":false},"author":2,"featured_media":0,"comment_status":"closed","ping_status":"closed","sticky":false,"template":"","format":"standard","meta":[],"categories":[49,52],"tags":[],"_links":{"self":[{"href":"https:\/\/www.cronacaonline.it\/index.php\/wp-json\/wp\/v2\/posts\/123918"}],"collection":[{"href":"https:\/\/www.cronacaonline.it\/index.php\/wp-json\/wp\/v2\/posts"}],"about":[{"href":"https:\/\/www.cronacaonline.it\/index.php\/wp-json\/wp\/v2\/types\/post"}],"author":[{"embeddable":true,"href":"https:\/\/www.cronacaonline.it\/index.php\/wp-json\/wp\/v2\/users\/2"}],"replies":[{"embeddable":true,"href":"https:\/\/www.cronacaonline.it\/index.php\/wp-json\/wp\/v2\/comments?post=123918"}],"version-history":[{"count":0,"href":"https:\/\/www.cronacaonline.it\/index.php\/wp-json\/wp\/v2\/posts\/123918\/revisions"}],"wp:attachment":[{"href":"https:\/\/www.cronacaonline.it\/index.php\/wp-json\/wp\/v2\/media?parent=123918"}],"wp:term":[{"taxonomy":"category","embeddable":true,"href":"https:\/\/www.cronacaonline.it\/index.php\/wp-json\/wp\/v2\/categories?post=123918"},{"taxonomy":"post_tag","embeddable":true,"href":"https:\/\/www.cronacaonline.it\/index.php\/wp-json\/wp\/v2\/tags?post=123918"}],"curies":[{"name":"wp","href":"https:\/\/api.w.org\/{rel}","templated":true}]}}