{"id":123852,"date":"2016-03-05T11:36:52","date_gmt":"2016-03-05T10:36:52","guid":{"rendered":"http:\/\/www.cronacaonline.it\/public\/content\/?p=123852"},"modified":"2016-03-05T11:36:52","modified_gmt":"2016-03-05T10:36:52","slug":"pregiudicato-di-arbus-arrestato-dai-carabinieri-per-atti-persecutori-dissidi-privati-non-riconducibili-a-stalking-nel-senso-inteso-comunemente","status":"publish","type":"post","link":"https:\/\/www.cronacaonline.it\/index.php\/2016\/03\/05\/pregiudicato-di-arbus-arrestato-dai-carabinieri-per-atti-persecutori-dissidi-privati-non-riconducibili-a-stalking-nel-senso-inteso-comunemente\/","title":{"rendered":"Pregiudicato di Arbus arrestato dai carabinieri per atti persecutori (dissidi privati non riconducibili a stalking nel senso inteso comunemente)"},"content":{"rendered":"<p>Villacidro (Ca), 5 Mar 2016 - Questa mattina, alle ore 03 circa, ad Arbus (Ca), a seguito di una richiesta di intervento giunta al 112, i carabinieri della Stazione del paese, hanno proceduto all\u2019arresto per il reato in oggetto di\u00a0Yuri\u00a0Concas, 42 anni, senza lavoro, con precedenti penali e di Arbus.<\/p>\n<p>Il pregiudicato, poco prima, aveva tentato di sfondare il cancello di una abitazione privata dove vivono due donne, (mamma, di 62 e figlia di 42 anni).<\/p>\n<p>L\u2019uomo quindi \u00e8 stato bloccato, dichiarato in arresto e ultimate le formalit\u00e0 di legge in caserma, \u00e8 stato trattenuto presso la camera di sicurezza della Stazione cc di Villacidro, in attesa dell\u2019udienza di convalida, fissata per oggi.<\/p>\n","protected":false},"excerpt":{"rendered":"<p>Villacidro (Ca), 5 Mar 2016 &#8211; Questa mattina, alle ore 03 circa, ad Arbus (Ca), a seguito di una richiesta di intervento giunta al 112,&#8230;<\/p>\n","protected":false},"author":2,"featured_media":123853,"comment_status":"closed","ping_status":"closed","sticky":false,"template":"","format":"standard","meta":[],"categories":[49,55],"tags":[],"_links":{"self":[{"href":"https:\/\/www.cronacaonline.it\/index.php\/wp-json\/wp\/v2\/posts\/123852"}],"collection":[{"href":"https:\/\/www.cronacaonline.it\/index.php\/wp-json\/wp\/v2\/posts"}],"about":[{"href":"https:\/\/www.cronacaonline.it\/index.php\/wp-json\/wp\/v2\/types\/post"}],"author":[{"embeddable":true,"href":"https:\/\/www.cronacaonline.it\/index.php\/wp-json\/wp\/v2\/users\/2"}],"replies":[{"embeddable":true,"href":"https:\/\/www.cronacaonline.it\/index.php\/wp-json\/wp\/v2\/comments?post=123852"}],"version-history":[{"count":0,"href":"https:\/\/www.cronacaonline.it\/index.php\/wp-json\/wp\/v2\/posts\/123852\/revisions"}],"wp:featuredmedia":[{"embeddable":true,"href":"https:\/\/www.cronacaonline.it\/index.php\/wp-json\/wp\/v2\/media\/123853"}],"wp:attachment":[{"href":"https:\/\/www.cronacaonline.it\/index.php\/wp-json\/wp\/v2\/media?parent=123852"}],"wp:term":[{"taxonomy":"category","embeddable":true,"href":"https:\/\/www.cronacaonline.it\/index.php\/wp-json\/wp\/v2\/categories?post=123852"},{"taxonomy":"post_tag","embeddable":true,"href":"https:\/\/www.cronacaonline.it\/index.php\/wp-json\/wp\/v2\/tags?post=123852"}],"curies":[{"name":"wp","href":"https:\/\/api.w.org\/{rel}","templated":true}]}}