{"id":123820,"date":"2016-03-04T13:57:55","date_gmt":"2016-03-04T12:57:55","guid":{"rendered":"http:\/\/www.cronacaonline.it\/public\/content\/?p=123820"},"modified":"2016-03-04T13:57:55","modified_gmt":"2016-03-04T12:57:55","slug":"enti-locali-e-sanita-erriu-due-riforme-che-modificano-lassetto-istituzionale","status":"publish","type":"post","link":"https:\/\/www.cronacaonline.it\/index.php\/2016\/03\/04\/enti-locali-e-sanita-erriu-due-riforme-che-modificano-lassetto-istituzionale\/","title":{"rendered":"Enti locali e sanit\u00e0, Erriu: due riforme che modificano l\u2019assetto istituzionale"},"content":{"rendered":"<p>Gesico, 4 Mar 2016 -\u00a0\u201cDove stanno le innovazioni nella legge n. 2\/2016 e nella riforma della sanit\u00e0? \u00c8 presto detto: questi provvedimenti, che si intersecano tra di loro, non vengono calati dall\u2019alto. La Regione punta a ricostruire dal basso la trama dei tessuti organizzativi nell\u2019Isola, sia a livello istituzionale che in ambito pi\u00f9 complessivo\u201d. Lo ha detto l\u2019assessore degli Enti locali Cristiano Erriu nel suo intervento a Gesico al convegno \u2018La riforma della sanit\u00e0 nella Regione Sardegna: criticit\u00e0 organizzative e nuove opportunit\u00e0\u2019.<\/p>\n<p>\u201cIl primo principio \u2013 ha aggiunto Erriu \u2013 \u00e8 quello della semplificazione, cio\u00e8 la riduzione dei livelli intermedi tra la Regione e i Comuni. La legge n. 2\/2016 ci consente di costruire il nuovo sistema istituzionale sardo attraverso due livelli, la Regione e i Comuni. Tutti gli altri saranno enti elettivi di secondo livello. Vi \u00e8 poi un aspetto legato alla governance: ora ciascun Comune deve obbligatoriamente aderire a un\u2019Unione, mentre in passato era una scelta facoltativa. E questo ha un senso profondo, in quanto spetter\u00e0 alle Unioni gestire in forma associata una serie di servizi che saranno delegati dalla Regione, relativamente agli ambiti ottimali che stiamo andando a definire\u201d.<\/p>\n<p>\u201cLa vera sfida \u2013 ha concluso l\u2019assessore Erriu \u2013consiste nel garantire la stessa qualit\u00e0 dei servizi, senza aumentare la spesa pubblica. Il nostro Assessorato seguir\u00e0 i Comuni in questo percorso di riordino\u201d.<\/p>\n","protected":false},"excerpt":{"rendered":"<p>Gesico, 4 Mar 2016 &#8211;\u00a0\u201cDove stanno le innovazioni nella legge n. 2\/2016 e nella riforma della sanit\u00e0? \u00c8 presto detto: questi provvedimenti, che si intersecano&#8230;<\/p>\n","protected":false},"author":2,"featured_media":0,"comment_status":"closed","ping_status":"closed","sticky":false,"template":"","format":"standard","meta":[],"categories":[49,52],"tags":[],"_links":{"self":[{"href":"https:\/\/www.cronacaonline.it\/index.php\/wp-json\/wp\/v2\/posts\/123820"}],"collection":[{"href":"https:\/\/www.cronacaonline.it\/index.php\/wp-json\/wp\/v2\/posts"}],"about":[{"href":"https:\/\/www.cronacaonline.it\/index.php\/wp-json\/wp\/v2\/types\/post"}],"author":[{"embeddable":true,"href":"https:\/\/www.cronacaonline.it\/index.php\/wp-json\/wp\/v2\/users\/2"}],"replies":[{"embeddable":true,"href":"https:\/\/www.cronacaonline.it\/index.php\/wp-json\/wp\/v2\/comments?post=123820"}],"version-history":[{"count":0,"href":"https:\/\/www.cronacaonline.it\/index.php\/wp-json\/wp\/v2\/posts\/123820\/revisions"}],"wp:attachment":[{"href":"https:\/\/www.cronacaonline.it\/index.php\/wp-json\/wp\/v2\/media?parent=123820"}],"wp:term":[{"taxonomy":"category","embeddable":true,"href":"https:\/\/www.cronacaonline.it\/index.php\/wp-json\/wp\/v2\/categories?post=123820"},{"taxonomy":"post_tag","embeddable":true,"href":"https:\/\/www.cronacaonline.it\/index.php\/wp-json\/wp\/v2\/tags?post=123820"}],"curies":[{"name":"wp","href":"https:\/\/api.w.org\/{rel}","templated":true}]}}