{"id":123806,"date":"2016-03-04T07:51:04","date_gmt":"2016-03-04T06:51:04","guid":{"rendered":"http:\/\/www.cronacaonline.it\/public\/content\/?p=123806"},"modified":"2016-03-04T07:51:04","modified_gmt":"2016-03-04T06:51:04","slug":"i-tecnici-italiani-uccisi-a-sabrata-vittime-del-caos-libico-i-raid-usa-hanno-cambiato-lo-scenario","status":"publish","type":"post","link":"https:\/\/www.cronacaonline.it\/index.php\/2016\/03\/04\/i-tecnici-italiani-uccisi-a-sabrata-vittime-del-caos-libico-i-raid-usa-hanno-cambiato-lo-scenario\/","title":{"rendered":"I tecnici italiani uccisi a Sabrata vittime del caos libico. &#8220;i raid usa hanno cambiato lo scenario&#8221;"},"content":{"rendered":"<p>Roma, 4 Mar 2016 - Una trattativa lunga, faticosa e infruttuosa durata mesi con un gruppo tribale islamista, ma dai connotati prevalentemente criminali. Poi il 19 febbraio il raid Usa contro militanti tunisini Isis su Sabrata cambia lo scenario, si scatena il caos ed una serie di rappresaglie nell'area: quattro ostaggi italiani potrebbero essere passati di mano e finiti ad un gruppo pi\u00f9 radicale, oppure i sequestratori non si sentivano pi\u00f9 sicuri ed hanno cercato di spostarsi, ma sono stati bloccati e uccisi. \u00a0Secondo voci raccolte dai media in Libia una parte del riscatto chiesto per i nostri connazionali era gi\u00e0 stata pagata. Incertezza su identit\u00e0 e dinamica Non ci sono certezze che si tratta di uomini del Califfato. Se ne sapr\u00e0 di pi\u00f9 quando un team di intelligence e Ros arriver\u00e0 sul posto e far\u00e0 le verifiche sui cadaveri dei rapitori.<\/p>\n<p>A ricostruire la vicenda e le informazioni, ancora parziali, che filtrano dal caos libico, \u00e8 stato il sottosegretario Marco Minniti al Copasir, che ha raccomandato prudenza in questa fase\u00a0molto delicata. Minniti: la priorit\u00e0 \u00e8 salvare gli altri 2 ostaggi Un blitz delle milizie di Sabrata, a\u00a0ovest di Tripoli, \"contro una cellula dell'Isis\" - \u00e8 la loro\u00a0versione - ha spezzato la vita di Fausto Piano e Salvatore\u00a0Failla, due dei quattro tecnici della Bonatti rapiti in Libia lo\u00a0scorso luglio.\u00a0Gli altri due, Gino Tullicardo e Filippo Calcagno, \"sono\u00a0vivi\", ha detto al Copasir il sottosegretario con delega\u00a0all'Intelligence Marco Minniti, citando informazioni degli 007\u00a0sul terreno. Ora la priorit\u00e0 \u00e8 \"salvarli\", ha sottolineato il\u00a0presidente dell'organismo parlamentare, Giacomo Stucchi.\u00a0Concetto ribadito il direttore del Dis Giampaolo Massolo:\u00a0\"Ci sono altri due da salvare e non bisogna dire cose che\u00a0possano compromettere le attivit\u00e0 che sono in corso\".<\/p>\n<p>Le famiglie si sono chiuse nel riserbo e nel dolore, e\u00a0sperano ancora in un errore nell'identificazione dei cadaveri.\u00a0Le salme dei due italiani, secondo quanto si \u00e8 appreso,\u00a0dovrebbero essere trasferite a Tripoli nelle prossime ore.\u00a0La notizia degli scontri tra milizie e jihadisti a sud di\u00a0Sabrata, nella localit\u00e0 di Surman, \u00e8 iniziata a circolare nella\u00a0tarda serata di ieri, nelle stesse ore in cui i seguaci di Abu\u00a0Bakr al Baghdadi tentavano un assalto, respinto, a Ben Guardane,\u00a0in Tunisia.<\/p>\n<p>L'offensiva delle milizie contro l'Isis \u00e8 iniziata\u00a0all'indomani dell'assalto dei jihadisti nel cuore di Sabrata, il\u00a024 febbraio: i seguaci di Baghdadi hanno ucciso 19 miliziani,\u00a0decapitandone 12. Poi sono stati respinti. L'attacco \u00e8 arrivato\u00a0pochi giorni dopo il raid Usa su una base dell'Isis nell'area,\u00a0oltre 40 le vittime tra le quali Noureddine Chouchane, la\u00a0presunta mente delle stragi dello scorso anno in Tunisia, al\u00a0museo del Bardo e sulla spiaggia di Sousse.<\/p>\n<p>La notte tra mercoled\u00ec e gioved\u00ec, poco dopo la mezzanotte italiana, il 'Media\u00a0center' di Sabrata ha pubblicato online un video di circa 30\u00a0secondi: nel filmato si mostrano diversi cadaveri in un\u00a0edificio, presentato come il 'covo' dell'Isis che le milizie\u00a0affermano di aver preso di mira nel raid. Una voce fuori campo\u00a0scandisce la conta dei morti, arrivando fino a 14. Ovunque\u00a0cartoni di latte o pi\u00f9 probabilmente yogurt, e almeno un paio di\u00a0sacchi a pelo di colore rosso, con i quali apparentemente gli\u00a0occupanti dell'abitazione avevano messo insieme dei giacigli di\u00a0fortuna.<\/p>\n<p>Ore dopo, un testimone libico rientrato in Tunisia da Sabrata\u00a0ha raccontato che tra le vittime c'erano anche due italiani,\u00a0\"scudi umani\" dei jihadisti. Sono iniziate a circolare le foto\u00a0delle vittime \"occidentali\" e dei jihadisti uccisi nel blitz.\u00a0Questa volta i cadaveri sono all'aperto, uno vicino alle ruote\u00a0di un fuoristrada.<\/p>\n<p>L'inquietante tam tam sulla vicenda \u00e8 stato squarciato ieri mattina dal comunicato della Farnesina: \"Relativamente alla\u00a0diffusione di alcune immagini di vittime di una sparatoria nella\u00a0regione di Sabrata in Libia, la Farnesina informa che da tali\u00a0immagini e tuttora in assenza della disponibilit\u00e0 dei corpi,\u00a0potrebbe trattarsi di due dei quattro italiani, dipendenti della\u00a0societ\u00e0 di costruzioni 'Bonatti' e precisamente di Fausto Piano\u00a0e Salvatore Failla\".<\/p>\n<p>Con il trascorrere delle ore, diversi capi milizia di Sabrata\u00a0hanno spiegato che non c'\u00e8 stato alcun blitz contro un covo\u00a0dell'Isis ma che il gruppo di jihadisti \u00e8 stato colpito mentre\u00a0si trovava a bordo di due fuoristrada, un Toyota e un Tundra.\u00a0Otto i morti, mentre un siriano e una tunisina, moglie di \"una\u00a0delle vittime\", e il figlio di 3 anni, sono stati catturati.\u00a0Questa tesi \u00e8 stata confermata da ambienti giudiziari italiani:\u00a0i due italiani sarebbero stati uccisi \"durante un\u00a0trasferimento\".<\/p>\n<p>Il presidente del Consiglio militare di Sabrata, Taher\u00a0El-Gharably, ha raccontato che le milizie avevano\u00a0\"inseguito un gruppo dell'Isis che fuggiva dal centro di Sabrata\u00a0verso la periferia: c'\u00e8 stato uno scontro a fuoco, intensi\u00a0scambi di colpi che hanno provocato la morte di alcuni di loro,\u00a0mentre il resto \u00e8 fuggito\".\u00a0Il responsabile libico ha citato poi la 'confessione' della\u00a0tunisina catturata: la donna, secondo quanto riferito, ha\u00a0affermato che i quattro tecnici italiani erano \"nelle mani\u00a0dell'Isis\". Gharably ha aggiunto: \"Nell'interrogatorio la\u00a0prigioniera ha confessato che vi sono due italiani in un luogo\u00a0nella periferia di Sabrata, la ricerca \u00e8 ancora in corso\".\u00a0La donna ha poi confermato che prima del blitz i quattro\u00a0erano stati separati, come anticipato dagli ambienti giudiziari\u00a0italiani.<\/p>\n<p>&nbsp;<\/p>\n","protected":false},"excerpt":{"rendered":"<p>Roma, 4 Mar 2016 &#8211; Una trattativa lunga, faticosa e infruttuosa durata mesi con un gruppo tribale islamista, ma dai connotati prevalentemente criminali. Poi il&#8230;<\/p>\n","protected":false},"author":2,"featured_media":123807,"comment_status":"closed","ping_status":"closed","sticky":false,"template":"","format":"standard","meta":[],"categories":[49,50],"tags":[],"_links":{"self":[{"href":"https:\/\/www.cronacaonline.it\/index.php\/wp-json\/wp\/v2\/posts\/123806"}],"collection":[{"href":"https:\/\/www.cronacaonline.it\/index.php\/wp-json\/wp\/v2\/posts"}],"about":[{"href":"https:\/\/www.cronacaonline.it\/index.php\/wp-json\/wp\/v2\/types\/post"}],"author":[{"embeddable":true,"href":"https:\/\/www.cronacaonline.it\/index.php\/wp-json\/wp\/v2\/users\/2"}],"replies":[{"embeddable":true,"href":"https:\/\/www.cronacaonline.it\/index.php\/wp-json\/wp\/v2\/comments?post=123806"}],"version-history":[{"count":0,"href":"https:\/\/www.cronacaonline.it\/index.php\/wp-json\/wp\/v2\/posts\/123806\/revisions"}],"wp:featuredmedia":[{"embeddable":true,"href":"https:\/\/www.cronacaonline.it\/index.php\/wp-json\/wp\/v2\/media\/123807"}],"wp:attachment":[{"href":"https:\/\/www.cronacaonline.it\/index.php\/wp-json\/wp\/v2\/media?parent=123806"}],"wp:term":[{"taxonomy":"category","embeddable":true,"href":"https:\/\/www.cronacaonline.it\/index.php\/wp-json\/wp\/v2\/categories?post=123806"},{"taxonomy":"post_tag","embeddable":true,"href":"https:\/\/www.cronacaonline.it\/index.php\/wp-json\/wp\/v2\/tags?post=123806"}],"curies":[{"name":"wp","href":"https:\/\/api.w.org\/{rel}","templated":true}]}}