{"id":123647,"date":"2016-03-01T11:07:11","date_gmt":"2016-03-01T10:07:11","guid":{"rendered":"http:\/\/www.cronacaonline.it\/public\/content\/?p=123647"},"modified":"2016-03-01T11:07:11","modified_gmt":"2016-03-01T10:07:11","slug":"donato-renzetti-dirige-la-quinta-di-beethoven-e-seherazada-di-rimskij-korsakov-il-4-5-marzo-per-la-stagione-concertistica-2016","status":"publish","type":"post","link":"https:\/\/www.cronacaonline.it\/index.php\/2016\/03\/01\/donato-renzetti-dirige-la-quinta-di-beethoven-e-seherazada-di-rimskij-korsakov-il-4-5-marzo-per-la-stagione-concertistica-2016\/","title":{"rendered":"Donato Renzetti dirige la Quinta di Beethoven e \u0160eherazada di Rimskij-Korsakov, il 4-5 marzo, per la Stagione concertistica 2016"},"content":{"rendered":"<p>Cagliari, 1 Mar 2016 - La Stagione concertistica 2016 del Teatro Lirico di Cagliari prosegue con il sesto appuntamento, venerd\u00ec 4 marzo alle 20.30 (turno A) e sabato 5 marzo alle 19 (turno B), che prevede il gradito ritorno di Donato Renzetti, apprezzata e regolare presenza nelle stagioni cagliaritane, alla guida dell\u2019Orchestra del Teatro Lirico di Cagliari.<\/p>\n<p>Il programma musicale prevede, nella prima parte, la celeberrima Quinta Sinfonia in do minore op. 67 di Ludwig van Beethoven; mentre, nella seconda parte, la pirotecnica \u0160eherazada, suite sinfonica op. 35 di <a href=\"https:\/\/it.wikipedia.org\/wiki\/Nikolaj_Andreevi\u010d_Rimskij-Korsakov\">Nikolaj Rimskij-Korsakov<\/a>.<\/p>\n<p>Ludwig van Beethoven (Bonn, 1770 - Vienna, 1827) compone la Quinta Sinfonia nel 1807-1808, a met\u00e0 esatta del suo percorso creativo, e questa celebre ed immensa pagina musicale rappresenta, insieme alla Terza, l\u2019apice tragico delle sue architetture sinfoniche. Il primo movimento (\u201cAllegro con brio\u201d) \u00e8 forse il passo pi\u00f9 famoso e drammatico scritta dal compositore: inizia con il celeberrimo motivo di quattro note che, secondo le parole dello stesso Beethoven, rappresenta \u201cil destino che bussa alla porta\u201d, popolarmente interpretato come la tensione per l\u2019aumento della sordit\u00e0.<\/p>\n<p>Anche nella seconda parte della serata figura un altro brano famosissimo, questa volta composto da <a href=\"https:\/\/it.wikipedia.org\/wiki\/Nikolaj_Andreevi\u010d_Rimskij-Korsakov\">Nikolaj Rimskij-Korsakov<\/a> (Tichvin, 1844 - Ljubensk, 1908) nel 1888: \u0160eherazada, una sfolgorante suite sinfonica, ispirata a Le mille e una notte e caratterizzata da una compagine orchestrale scintillante (soprattutto di ottoni e percussioni), suddivisa in quattro movimenti tutti di ispirazione orientaleggiante e di fantastiche atmosfere esotiche.<\/p>\n<p>Prezzi biglietti: platea \u20ac 35,00 (settore giallo), \u20ac 30,00 (settore rosso), \u20ac 25,00 (settore blu); I loggia \u20ac 30,00 (settore giallo), \u20ac 25,00 (settore rosso), \u20ac 20,00 (settore blu); II loggia \u20ac 10,00 (settore giallo), \u20ac 10,00 (settore rosso), \u20ac 10,00 (settore blu).<\/p>\n<p>\u00c8 comunque ancora possibile abbonarsi per un numero ridotto di spettacoli (12 concerti), solo per il turno B, fino a sabato 5 marzo.<\/p>\n<p>Prezzi abbonamenti (12 concerti): platea \u20ac 200,00 (settore giallo), \u20ac 185,00 (settore rosso), \u20ac 150,00 (settore blu); I loggia \u20ac 175,00 (settore giallo), \u20ac 150,00 (settore rosso), \u20ac 115,00 (settore blu); II loggia \u20ac 60,00 (settore giallo), \u20ac 60,00 (settore rosso), \u20ac 45,00 (settore blu).<\/p>\n<p>Prosegue, invece, la vendita di abbonamenti agli ultimi 8 concerti della Stagione concertistica: in particolare si possono acquistare da luned\u00ec 22 febbraio, fino a gioved\u00ec 5 maggio, per il turno A e da luned\u00ec 7 marzo, fino a sabato 4 giugno, per il turno B.<\/p>\n<p>Prezzi abbonamenti (8 concerti): platea \u20ac 135,00 (settore giallo), \u20ac 125,00 (settore rosso), \u20ac 105,00 (settore blu); I loggia \u20ac 125,00 (settore giallo), \u20ac 100,00 (settore rosso), \u20ac 80,00 (settore blu); II loggia \u20ac 45,00 (settore giallo), \u20ac 45,00 (settore rosso), \u20ac 35,00 (settore blu).<\/p>\n<p>Ai giovani under 30 sono applicate riduzioni del 50% sull\u2019acquisto di abbonamenti e biglietti. Ulteriori agevolazioni sono previste per gruppi organizzati.<\/p>\n<p>Venerd\u00ec 4 marzo alle 11 \u00e8 prevista, come ormai consuetudine, l\u2019Anteprima Giovani, aperta alle scuole che potranno assistere, dalla I loggia, alla prova generale del concerto serale. (prezzi: posto unico \u20ac 3; informazioni: Servizio promozione culturale, telefono 0704082326 - 0704082250 - 0704082252; <a href=\"mailto:attivitagiovani@teatroliricodicagliari.it\">attivitagiovani@teatroliricodicagliari.it<\/a>)<\/p>\n<p>&nbsp;<\/p>\n<p>La Biglietteria del Teatro Lirico \u00e8 aperta dal luned\u00ec al sabato dalle 9 alle 13 e dalle 16 alle 20. La domenica e i giorni festivi apre, solo in caso di spettacolo, un\u2019ora prima l\u2019inizio dello stesso.<\/p>\n","protected":false},"excerpt":{"rendered":"<p>Cagliari, 1 Mar 2016 &#8211; La Stagione concertistica 2016 del Teatro Lirico di Cagliari prosegue con il sesto appuntamento, venerd\u00ec 4 marzo alle 20.30 (turno&#8230;<\/p>\n","protected":false},"author":2,"featured_media":11762,"comment_status":"closed","ping_status":"closed","sticky":false,"template":"","format":"standard","meta":[],"categories":[49,54],"tags":[],"_links":{"self":[{"href":"https:\/\/www.cronacaonline.it\/index.php\/wp-json\/wp\/v2\/posts\/123647"}],"collection":[{"href":"https:\/\/www.cronacaonline.it\/index.php\/wp-json\/wp\/v2\/posts"}],"about":[{"href":"https:\/\/www.cronacaonline.it\/index.php\/wp-json\/wp\/v2\/types\/post"}],"author":[{"embeddable":true,"href":"https:\/\/www.cronacaonline.it\/index.php\/wp-json\/wp\/v2\/users\/2"}],"replies":[{"embeddable":true,"href":"https:\/\/www.cronacaonline.it\/index.php\/wp-json\/wp\/v2\/comments?post=123647"}],"version-history":[{"count":0,"href":"https:\/\/www.cronacaonline.it\/index.php\/wp-json\/wp\/v2\/posts\/123647\/revisions"}],"wp:featuredmedia":[{"embeddable":true,"href":"https:\/\/www.cronacaonline.it\/index.php\/wp-json\/wp\/v2\/media\/11762"}],"wp:attachment":[{"href":"https:\/\/www.cronacaonline.it\/index.php\/wp-json\/wp\/v2\/media?parent=123647"}],"wp:term":[{"taxonomy":"category","embeddable":true,"href":"https:\/\/www.cronacaonline.it\/index.php\/wp-json\/wp\/v2\/categories?post=123647"},{"taxonomy":"post_tag","embeddable":true,"href":"https:\/\/www.cronacaonline.it\/index.php\/wp-json\/wp\/v2\/tags?post=123647"}],"curies":[{"name":"wp","href":"https:\/\/api.w.org\/{rel}","templated":true}]}}