{"id":123598,"date":"2016-02-29T12:04:10","date_gmt":"2016-02-29T11:04:10","guid":{"rendered":"http:\/\/www.cronacaonline.it\/public\/content\/?p=123598"},"modified":"2016-02-29T12:04:10","modified_gmt":"2016-02-29T11:04:10","slug":"giovanissimo-pregiudicato-di-cagliari-arrestato-dal-personale-delle-volanti-per-danneggiamento-aggravato-ed-interruzione-di-pubblico-servizio","status":"publish","type":"post","link":"https:\/\/www.cronacaonline.it\/index.php\/2016\/02\/29\/giovanissimo-pregiudicato-di-cagliari-arrestato-dal-personale-delle-volanti-per-danneggiamento-aggravato-ed-interruzione-di-pubblico-servizio\/","title":{"rendered":"Giovanissimo pregiudicato di Cagliari arrestato dal personale delle Volanti per danneggiamento aggravato ed interruzione di pubblico servizio."},"content":{"rendered":"<p>Cagliari, 29 Feb 2016 - Nel tardo pomeriggio di ieri, gli agenti della Squadra Volanti della Questura di Cagliari, hanno arrestato Paolo Jlassi, di 18 anni, della citt\u00e0, con precedenti penali, per danneggiamento aggravato ed interruzione pubblico servizio.<\/p>\n<p>L\u2019episodio ha avuto origine intorno alle ore 18:50, quando al numero di emergenza 113 \u00e8 pervenuta la richiesta d\u2019intervento dell\u2019autista del C.T.M., in servizio sulla linea 31R, che ha segnalato un\u2019aggressione ad opera di un gruppo di ragazzi saliti a bordo poco prima dalla fermata del Centro Commerciale \u201cLe Vele\u201d. Infatti, i ragazzi, durante il tragitto hanno rotto la custodia del martelletto che \u00e8 stato usato per infrangere il vetro della porteria anteriore. L\u2019autista vista la difficile situazione ha arrestato la marcia e chiesto l\u2019intervento della Polizia giunta pochi minuti dopo in Viale Marconi all\u2019ingresso del comune di Quartu Sant\u2019Elena.<\/p>\n<p>Quindi i poliziotti, grazie alle indicazioni fornite dai testimoni, hanno bloccato ragazzo, che cercava di dileguarsi insieme al gruppo.<\/p>\n<p>Il pregiudicato, in evidente stato di ubriachezza, \u00e8 stato riconosciuto dai testimoni per essere stato colui che materialmente si \u00e8 impossessato del martelletto con il quale ha infranto il vetro dell\u2019autobus.<\/p>\n<p>Sempre secondo la ricostruzione operata dagli uomini della Polizia di Stato, il gruppo, prima di salire a bordo, si \u00e8 introdotto all\u2019interno di un\u2019attivit\u00e0 commerciale di abbigliamento dove con prepotenza ha messo a soqquadro il negozio scaraventando a terra la merce esposta negli scaffali.<\/p>\n<p>In seguito, sul posto \u00e8 intervenuta anche una squadra della Polizia Scientifica per i rilievi di rito.<\/p>\n<p>Il giovane una volta fermato ed identificato \u00e8 stato portato in Questura dove \u00e8 stato dichiarato in arresto e su disposizione del Pubblico Ministero di turno, \u00e8 stato accompagnato presso la propria abitazione in regime di detenzione domiciliare, in attesa del processo con rito per \u201cdirettissima\u201d che si terr\u00e0 oggi.<\/p>\n<p>Le indagini sono tuttora in corso per identificare gli altri componenti del \u201cbranco\u201d.<\/p>\n<p>&nbsp;<\/p>\n","protected":false},"excerpt":{"rendered":"<p>Cagliari, 29 Feb 2016 &#8211; Nel tardo pomeriggio di ieri, gli agenti della Squadra Volanti della Questura di Cagliari, hanno arrestato Paolo Jlassi, di 18&#8230;<\/p>\n","protected":false},"author":2,"featured_media":117777,"comment_status":"closed","ping_status":"closed","sticky":false,"template":"","format":"standard","meta":[],"categories":[49,55],"tags":[],"_links":{"self":[{"href":"https:\/\/www.cronacaonline.it\/index.php\/wp-json\/wp\/v2\/posts\/123598"}],"collection":[{"href":"https:\/\/www.cronacaonline.it\/index.php\/wp-json\/wp\/v2\/posts"}],"about":[{"href":"https:\/\/www.cronacaonline.it\/index.php\/wp-json\/wp\/v2\/types\/post"}],"author":[{"embeddable":true,"href":"https:\/\/www.cronacaonline.it\/index.php\/wp-json\/wp\/v2\/users\/2"}],"replies":[{"embeddable":true,"href":"https:\/\/www.cronacaonline.it\/index.php\/wp-json\/wp\/v2\/comments?post=123598"}],"version-history":[{"count":0,"href":"https:\/\/www.cronacaonline.it\/index.php\/wp-json\/wp\/v2\/posts\/123598\/revisions"}],"wp:featuredmedia":[{"embeddable":true,"href":"https:\/\/www.cronacaonline.it\/index.php\/wp-json\/"}],"wp:attachment":[{"href":"https:\/\/www.cronacaonline.it\/index.php\/wp-json\/wp\/v2\/media?parent=123598"}],"wp:term":[{"taxonomy":"category","embeddable":true,"href":"https:\/\/www.cronacaonline.it\/index.php\/wp-json\/wp\/v2\/categories?post=123598"},{"taxonomy":"post_tag","embeddable":true,"href":"https:\/\/www.cronacaonline.it\/index.php\/wp-json\/wp\/v2\/tags?post=123598"}],"curies":[{"name":"wp","href":"https:\/\/api.w.org\/{rel}","templated":true}]}}