{"id":123458,"date":"2016-02-26T07:53:31","date_gmt":"2016-02-26T06:53:31","guid":{"rendered":"http:\/\/www.cronacaonline.it\/public\/content\/?p=123458"},"modified":"2016-02-26T07:53:31","modified_gmt":"2016-02-26T06:53:31","slug":"unioni-civili-il-senato-con-i-voti-determinanti-dei-verdiniani-approva-la-fiducia-al-governo-sul-maxiemendamento","status":"publish","type":"post","link":"https:\/\/www.cronacaonline.it\/index.php\/2016\/02\/26\/unioni-civili-il-senato-con-i-voti-determinanti-dei-verdiniani-approva-la-fiducia-al-governo-sul-maxiemendamento\/","title":{"rendered":"Unioni civili, il Senato con i voti determinanti dei verdiniani approva la fiducia al governo sul maxiemendamento"},"content":{"rendered":"<p>Roma, 26 Feb 2016 \u2013 Ieri sera \u00e8 arrivato il s\u00ec del Senato alle Unioni civili. Infatti, palazzo Madama ha approvato la fiducia al governo sul maxiemendamento che sostituisce l'intero disegno di legge Cirinn\u00e0 con 173 voti favorevoli, 71 contrari e nessun astenuto. Al momento delle votazioni in Aula erano presenti\u00a0245 senatori. I votanti sono stati 244.\u00a0Infatti prima della chiama sono usciti dall'Aula tutti i senatori del Movimento 5 stelle e, della maggioranza, al voto i senatori del Pd, Felice Casson e Luigi Manconi, e i 6 senatori di Ap Aldo Di Biagio, Roberto Formigoni, Giuseppe Marinello, Gabriele Albertini,\u00a0Giuseppe Esposito\u00a0e Maurizio Sacconi. Hanno dichiarato la loro loro voto contrario i gruppi Cor, Lega, Gal (con l'esclusione di Riccardo Villari) e Sel. Tra i senatori a vita hanno votato a favore Mario Monti e Giorgio Napolitano.\u200b Il ddl ora passer\u00e0 alla Camera.<\/p>\n<p>Immediate le polemiche politiche sulla maggioranza a supporto del governo dopo l'esito della votazione. La maggioranza che sostiene Renzi si \u00e8 fermata a 155 voti, sufficienti\u00a0a votare la fiducia e approvare il ddl sulle\u00a0unioni civili ma inferiori alla quota di 161 della maggioranza assoluta. Sono stati 18 i senatori di Ala, su 19,\u00a0che hanno votato la\u00a0fiducia al governo. In questa situazione i\u00a0verdiniani sono risultati quindi determinanti per\u00a0superare la soglia della maggioranza assoluta.<\/p>\n<p>Secondo il presidente del gruppo Forza Italia al\u00a0Senato, Paolo Romani,\u00a0\"i numeri dimostrano che il gruppo\u00a0Ala \u00e8 stato decisivo nel voto di fiducia al governo Renzi sulle\u00a0unioni civili: \u00e8 la certificazione che la maggioranza \u00e8\u00a0cambiata. I voti dei verdiniani, infatti, sostituiscono le\u00a0defezioni del NCD e del PD su una legge sui diritti civili mai\u00a0discussa n\u00e9 in commissione n\u00e9 in Aula. Questa trasformazione non\u00a0pu\u00f2 passare sotto silenzio, ci aspettiamo quindi che il presidente del Consiglio, Renzi, ne tragga le dovute conseguenze\u00a0e salga al Quirinale per formalizzare con il presidente della\u00a0Repubblica, Mattarella, la nuova maggioranza governativa.<\/p>\n<p>\"Il presidente dei senatori del\u00a0Pd Luigi Zanda ha risposto che\u00a0\"i voti di Ala sono stati aggiuntivi,\u00a0e non determinanti\".<\/p>\n<p>Per il ministro della\u00a0Giustizia Andrea Orlando, il voto di Ala alla fiducia \"non\u00a0certifica un ingresso in maggioranza\", ieri \"vi \u00e8 stata una\u00a0fiducia e Verdini non l'ha votata\". Orlando ha aggiunto che\u00a0\"se ci fosse un allargamento\u00a0strutturale \u00e8 una cosa di cui si pu\u00f2 discutere\",\u00a0tuttavia, ha spiegato, \"sarebbe bene non far finta\u00a0che questa legislatura non necessiti di larghe intese\".<\/p>\n<p>Il senatore Denis Verdini, leader di Alleanza\u00a0Liberalpopolare per le Autonomie, in una nota, ha commentato l'esito delle votazioni sul Ddl Cirinn\u00e0:\u00a0\"Il voto di oggi al Senato rappresenta\u00a0una importante vittoria sul fronte dei diritti civili. Una\u00a0vittoria che va ascritta soprattutto a tutti quei cittadini che\u00a0da troppo tempo attendevano una legge che finalmente mettesse\u00a0l'Italia al passo con le grandi democrazie occidentali\". Poi ha sottolineato\u00a0il peso politico del suo partito sostenendo che oggi \u00e8 stata\u00a0\"una giornata a suo modo storica, a cui i\u00a0senatori di Ala hanno dato un contributo essenziale, in perfetta\u00a0coerenza con la vocazione riformista che sta alla base delle\u00a0ragioni per cui il movimento \u00e8 stato fondato. Era giusto che una\u00a0legge fondamentale per la coscienza civile del Paese fosse\u00a0approvata con la maggioranza assoluta dei senatori e ci\u00f2 \u00e8\u00a0avvenuto grazie al voto di fiducia al governo espresso da\u00a0Alleanza Liberalpopolare - Autonomie. Questo \u00e8 motivo di grande\u00a0orgoglio e ci spinge a lavorare anche nei prossimi mesi affinch\u00e9\u00a0la Legislatura continui nel solco delle tante, indispensabili\u00a0riforme in agenda, alle quali daremo sempre il nostro fattivo\u00a0contributo\".<\/p>\n<p>Il presidente del Consiglio, Matteo Renzi, soddisfatto del risultato ottenuto, ha scritto\u00a0su Facebook:\u00a0\"La giornata di oggi rester\u00e0 nella\u00a0cronaca di questa Legislatura e nella storia del nostro Paese.\u00a0Abbiamo legato la permanenza in vita del governo a una battaglia\u00a0per i diritti mettendo la fiducia. Non era accaduto prima, non \u00e8\u00a0stato facile adesso. Ma era giusto farlo\". Poi sulle polemiche, Renzi ha scritto: \"Leggo\u00a0critiche, accuse, insulti. Rispetto tutti e ciascuno, dal\u00a0profondo del cuore. Ma quel che conta \u00e8 che stasera tanti\u00a0cittadini italiani si sentiranno meno soli, pi\u00f9 comunit\u00e0. Ha\u00a0vinto la speranza contro la paura. Ha vinto il coraggio contro\u00a0la discriminazione. Ha vinto l'amore. Se come minaccia\u00a0qualcuno, io andr\u00f2 a casa perch\u00e9 \"colpevole\" di aver ampliato\u00a0i diritti senza aver fatto male a nessuno, lo far\u00f2 a testa\u00a0alta. Perch\u00e9 - ha concluso - oggi l'Italia \u00e8 un Paese pi\u00f9 forte. Perch\u00e9\u00a0oggi siamo tutti pi\u00f9 forti\".<\/p>\n<p>Il primo commento della\u00a0senatrice Monica Cirinn\u00e0:\u00a0\" \u00c8 un primo passo, una vittoria con\u00a0un buco nel cuore. Questa \u00e8 una legge importantissima ma penso\u00a0anche ai figli di tanti amici. Ora dobbiamo fare un secondo\u00a0passo, siamo a met\u00e0 della scala\".<\/p>\n<p>Franco Grillini, presidente di Gaynet, ex parlamentare\u00a0ed esponente storico del movimento lgbt ha commentato:\u00a0\"Ci sono voluti 30 anni dal primo\u00a0progetto per avere una discussione vera e un primo voto su un\u00a0testo di legge, che troviamo insoddisfacente per la mancata\u00a0equiparazione al matrimonio e per l'assenza della norma sulle adozioni del figlio dell\u2019altro, ma che per la prima volta elenca i diritti delle\u00a0coppie omosessuali rompendo un muro che sembrava invalicabile e\u00a0che finora aveva visto il nostro paese come l'unico della\u00a0vecchia Europa a non garantire i propri cittadini lgbt nei\u00a0diritti di coppia e nella vita di tutti i giorni\". Poi Grillini ha auspicato che si velocizzi\u00a0\"l'approvazione alla Camera, in\u00a0modo tale che la legge diventi definitiva senza perdere tempo e\u00a0senza rientrare in quel buco nero di una discussione dove i\u00a0partiti omofobi e razzisti si esercitano nel loro volgare\u00a0punching ball contro le persone lgbt, inventando qualsiasi\u00a0marchingegno ostruzionistico per fermare una legge che altrove\u00a0esiste da anni\".<\/p>\n","protected":false},"excerpt":{"rendered":"<p>Roma, 26 Feb 2016 \u2013 Ieri sera \u00e8 arrivato il s\u00ec del Senato alle Unioni civili. Infatti, palazzo Madama ha approvato la fiducia al governo&#8230;<\/p>\n","protected":false},"author":2,"featured_media":123460,"comment_status":"closed","ping_status":"closed","sticky":false,"template":"","format":"standard","meta":[],"categories":[49,50],"tags":[],"_links":{"self":[{"href":"https:\/\/www.cronacaonline.it\/index.php\/wp-json\/wp\/v2\/posts\/123458"}],"collection":[{"href":"https:\/\/www.cronacaonline.it\/index.php\/wp-json\/wp\/v2\/posts"}],"about":[{"href":"https:\/\/www.cronacaonline.it\/index.php\/wp-json\/wp\/v2\/types\/post"}],"author":[{"embeddable":true,"href":"https:\/\/www.cronacaonline.it\/index.php\/wp-json\/wp\/v2\/users\/2"}],"replies":[{"embeddable":true,"href":"https:\/\/www.cronacaonline.it\/index.php\/wp-json\/wp\/v2\/comments?post=123458"}],"version-history":[{"count":0,"href":"https:\/\/www.cronacaonline.it\/index.php\/wp-json\/wp\/v2\/posts\/123458\/revisions"}],"wp:featuredmedia":[{"embeddable":true,"href":"https:\/\/www.cronacaonline.it\/index.php\/wp-json\/wp\/v2\/media\/123460"}],"wp:attachment":[{"href":"https:\/\/www.cronacaonline.it\/index.php\/wp-json\/wp\/v2\/media?parent=123458"}],"wp:term":[{"taxonomy":"category","embeddable":true,"href":"https:\/\/www.cronacaonline.it\/index.php\/wp-json\/wp\/v2\/categories?post=123458"},{"taxonomy":"post_tag","embeddable":true,"href":"https:\/\/www.cronacaonline.it\/index.php\/wp-json\/wp\/v2\/tags?post=123458"}],"curies":[{"name":"wp","href":"https:\/\/api.w.org\/{rel}","templated":true}]}}