{"id":123436,"date":"2016-02-25T14:29:59","date_gmt":"2016-02-25T13:29:59","guid":{"rendered":"http:\/\/www.cronacaonline.it\/public\/content\/?p=123436"},"modified":"2016-02-25T14:29:59","modified_gmt":"2016-02-25T13:29:59","slug":"asl-olbia-consegna-degli-ausili-per-stomizzati-dal-primo-marzo-consegna-nel-domicilio-del-paziente","status":"publish","type":"post","link":"https:\/\/www.cronacaonline.it\/index.php\/2016\/02\/25\/asl-olbia-consegna-degli-ausili-per-stomizzati-dal-primo-marzo-consegna-nel-domicilio-del-paziente\/","title":{"rendered":"Asl Olbia &#8211; Consegna degli ausili per stomizzati: dal primo marzo consegna nel domicilio del paziente"},"content":{"rendered":"<p>Olbia, 25 Feb 2016 \u2013 Gli ausili per i pazienti stomizzati da marted\u00ec primo marzo verranno consegnati a casa. Non sar\u00e0 pi\u00f9 necessario presentarsi in farmacia, ma saranno gli operatori a recapitarli direttamente al domicilio del paziente.<\/p>\n<p>Nel febbraio 2015 la Giunta della Regione Sardegna, ha individuato la Asl 2 di Olbia come azienda capofila per l\u2019indizione della procedura di gara, a valenza regionale, per la fornitura di dispositivi medici per stomia.<\/p>\n<p>Cos\u00ec come previsto dalla gara, dal primo marzo 2016 il materiale per le \u201cstomie\u201d verranno consegnate direttamente a casa del paziente.<\/p>\n<p>\u201cSi tratta di un notevole miglioramento del servizio, che attraverso un nuovo assetto distributivo si avvicina maggiormente al paziente\u201d, spiegano dal Servizio Provveditorato della Asl di Olbia che, a livello regionale, ha coordinato tutti i passaggi della gara d\u2019appalto.<\/p>\n<p>Sono circa 180 i pazienti stomizzati del territorio della Asl Gallurese, di questi circa 50 si trovano nel Distretto di Tempio Pausania, gli altri in quello di Olbia.<\/p>\n<p>Al fine di evitare eventuali disservizi e assicurare comunque la continuit\u00e0 delle forniture, negli scorsi giorni tutti i pazienti sono stati contattati dagli operatori della Asl di Olbia e informati sulle novit\u00e0 del servizio.<\/p>\n<p>Per garantire comunque un punto di riferimento per la popolazione stomizzata, la Asl di Olbia ha anche attivato un numero di telefono a loro dedicato. Soprattutto nella prima fase di avvio del nuovo servizio di distribuzione, il paziente potr\u00e0 contare su un punto di riferimento a cui richiedere qualsiasi informazione, sia di carattere amministrativo (come informazioni sulla consegna degli ausili, etc.) che di carattere sanitario (sulla tipologie degli ausili, etc.).<\/p>\n<p>Da domani, venerd\u00ec 26 febbraio 2016 (dal luned\u00ec al venerd\u00ec, dalle ore 08.00 alle 18.00), i pazienti stomizzati potranno contattare il numero di telefono 0789 552 796.<\/p>\n<p>&nbsp;<\/p>\n<p><strong>\u00a0<\/strong><\/p>\n","protected":false},"excerpt":{"rendered":"<p>Olbia, 25 Feb 2016 \u2013 Gli ausili per i pazienti stomizzati da marted\u00ec primo marzo verranno consegnati a casa. Non sar\u00e0 pi\u00f9 necessario presentarsi in&#8230;<\/p>\n","protected":false},"author":2,"featured_media":0,"comment_status":"closed","ping_status":"closed","sticky":false,"template":"","format":"standard","meta":[],"categories":[49,53],"tags":[],"_links":{"self":[{"href":"https:\/\/www.cronacaonline.it\/index.php\/wp-json\/wp\/v2\/posts\/123436"}],"collection":[{"href":"https:\/\/www.cronacaonline.it\/index.php\/wp-json\/wp\/v2\/posts"}],"about":[{"href":"https:\/\/www.cronacaonline.it\/index.php\/wp-json\/wp\/v2\/types\/post"}],"author":[{"embeddable":true,"href":"https:\/\/www.cronacaonline.it\/index.php\/wp-json\/wp\/v2\/users\/2"}],"replies":[{"embeddable":true,"href":"https:\/\/www.cronacaonline.it\/index.php\/wp-json\/wp\/v2\/comments?post=123436"}],"version-history":[{"count":0,"href":"https:\/\/www.cronacaonline.it\/index.php\/wp-json\/wp\/v2\/posts\/123436\/revisions"}],"wp:attachment":[{"href":"https:\/\/www.cronacaonline.it\/index.php\/wp-json\/wp\/v2\/media?parent=123436"}],"wp:term":[{"taxonomy":"category","embeddable":true,"href":"https:\/\/www.cronacaonline.it\/index.php\/wp-json\/wp\/v2\/categories?post=123436"},{"taxonomy":"post_tag","embeddable":true,"href":"https:\/\/www.cronacaonline.it\/index.php\/wp-json\/wp\/v2\/tags?post=123436"}],"curies":[{"name":"wp","href":"https:\/\/api.w.org\/{rel}","templated":true}]}}