{"id":123403,"date":"2016-02-24T18:55:17","date_gmt":"2016-02-24T17:55:17","guid":{"rendered":"http:\/\/www.cronacaonline.it\/public\/content\/?p=123403"},"modified":"2016-02-24T18:55:17","modified_gmt":"2016-02-24T17:55:17","slug":"appello-alla-sardegna-di-don-vincenzo-fois-sacerdote-della-chiesa-di-santagostino-per-ritrovare-i-dipinti-trafugati","status":"publish","type":"post","link":"https:\/\/www.cronacaonline.it\/index.php\/2016\/02\/24\/appello-alla-sardegna-di-don-vincenzo-fois-sacerdote-della-chiesa-di-santagostino-per-ritrovare-i-dipinti-trafugati\/","title":{"rendered":"Appello alla Sardegna, di Don Vincenzo Fois, sacerdote della chiesa di Sant&#8217;Agostino per ritrovare i dipinti trafugati"},"content":{"rendered":"<p>Cagliari, 24 Feb 2016 - Come rettore della chiesa di Sant'Agostino a Cagliari, don Vincenzo Fois, lancia un appello alla citt\u00e0 di Cagliari e alla Sardegna,\u00a0con lo scopo di cercare di recuperare i dipinti della predella del Retablo di Pantaleone Calvo del 1646 ubicato nella chiesa di Sant' Agostino a Cagliari.<\/p>\n<p>Grazie al preziosissimo aiuto dato dalla professoressa Renata Serra, docente di storia Dell'Arte, la chiesa possiede le fotografie di quei quadretti trafugati tra il 1965-1975 a causa del totale stato di abbandono in cui la chiesa versava.<\/p>\n<p><img loading=\"lazy\" class=\"size-medium wp-image-123407 alignleft\" src=\"https:\/\/www.cronacaonline.it\/wp-content\/uploads\/2016\/02\/Agostino-di-cagliari-1-237x300.jpg\" alt=\"Agostino di cagliari\" width=\"237\" height=\"300\" srcset=\"https:\/\/www.cronacaonline.it\/wp-content\/uploads\/2016\/02\/Agostino-di-cagliari-1-237x300.jpg 237w, https:\/\/www.cronacaonline.it\/wp-content\/uploads\/2016\/02\/Agostino-di-cagliari-1.jpg 300w\" sizes=\"(max-width: 237px) 100vw, 237px\" \/><img loading=\"lazy\" class=\"size-medium wp-image-123406 alignleft\" src=\"https:\/\/www.cronacaonline.it\/wp-content\/uploads\/2016\/02\/Agostino-di-cagliari2-1-247x300.jpg\" alt=\"Agostino di cagliari2\" width=\"247\" height=\"300\" srcset=\"https:\/\/www.cronacaonline.it\/wp-content\/uploads\/2016\/02\/Agostino-di-cagliari2-1-247x300.jpg 247w, https:\/\/www.cronacaonline.it\/wp-content\/uploads\/2016\/02\/Agostino-di-cagliari2-1.jpg 300w\" sizes=\"(max-width: 247px) 100vw, 247px\" \/><img loading=\"lazy\" class=\"size-medium wp-image-123404 alignleft\" src=\"https:\/\/www.cronacaonline.it\/wp-content\/uploads\/2016\/02\/Agostino-di-cagliari4-1-245x300.jpg\" alt=\"Agostino di cagliari4\" width=\"245\" height=\"300\" srcset=\"https:\/\/www.cronacaonline.it\/wp-content\/uploads\/2016\/02\/Agostino-di-cagliari4-1-245x300.jpg 245w, https:\/\/www.cronacaonline.it\/wp-content\/uploads\/2016\/02\/Agostino-di-cagliari4-1.jpg 300w\" sizes=\"(max-width: 245px) 100vw, 245px\" \/>Ci affidiamo alla sensibilit\u00e0 dei cittadini e delle Istituzioni ed \u00e8 possibile che vedendo le foto dei piccoli dipinti, qualcuno li riconosca e li segnali alle autorit\u00e0 di pubblica sicurezza.<\/p>\n<p>&nbsp;<\/p>\n","protected":false},"excerpt":{"rendered":"<p>Cagliari, 24 Feb 2016 &#8211; Come rettore della chiesa di Sant&#8217;Agostino a Cagliari, don Vincenzo Fois, lancia un appello alla citt\u00e0 di Cagliari e alla&#8230;<\/p>\n","protected":false},"author":2,"featured_media":123405,"comment_status":"closed","ping_status":"closed","sticky":false,"template":"","format":"standard","meta":[],"categories":[49,54],"tags":[],"_links":{"self":[{"href":"https:\/\/www.cronacaonline.it\/index.php\/wp-json\/wp\/v2\/posts\/123403"}],"collection":[{"href":"https:\/\/www.cronacaonline.it\/index.php\/wp-json\/wp\/v2\/posts"}],"about":[{"href":"https:\/\/www.cronacaonline.it\/index.php\/wp-json\/wp\/v2\/types\/post"}],"author":[{"embeddable":true,"href":"https:\/\/www.cronacaonline.it\/index.php\/wp-json\/wp\/v2\/users\/2"}],"replies":[{"embeddable":true,"href":"https:\/\/www.cronacaonline.it\/index.php\/wp-json\/wp\/v2\/comments?post=123403"}],"version-history":[{"count":0,"href":"https:\/\/www.cronacaonline.it\/index.php\/wp-json\/wp\/v2\/posts\/123403\/revisions"}],"wp:featuredmedia":[{"embeddable":true,"href":"https:\/\/www.cronacaonline.it\/index.php\/wp-json\/wp\/v2\/media\/123405"}],"wp:attachment":[{"href":"https:\/\/www.cronacaonline.it\/index.php\/wp-json\/wp\/v2\/media?parent=123403"}],"wp:term":[{"taxonomy":"category","embeddable":true,"href":"https:\/\/www.cronacaonline.it\/index.php\/wp-json\/wp\/v2\/categories?post=123403"},{"taxonomy":"post_tag","embeddable":true,"href":"https:\/\/www.cronacaonline.it\/index.php\/wp-json\/wp\/v2\/tags?post=123403"}],"curies":[{"name":"wp","href":"https:\/\/api.w.org\/{rel}","templated":true}]}}